{"id":188,"date":"2025-06-28T23:03:08","date_gmt":"2025-06-28T21:03:08","guid":{"rendered":"https:\/\/fltr.hu\/?p=188"},"modified":"2025-08-01T23:06:44","modified_gmt":"2025-08-01T21:06:44","slug":"tomegek-vonultak-az-elfogadasert","status":"publish","type":"post","link":"https:\/\/fltr.hu\/?p=188","title":{"rendered":"T\u00f6megek vonultak az elfogad\u00e1s\u00e9rt"},"content":{"rendered":"\n<p>Id\u00e9n j\u00fanius 28-\u00e1n rendezt\u00e9k meg a 30. Budapest Pride felvonul\u00e1st, amely a hat\u00f3s\u00e1gi tilt\u00e1s ellen\u00e9re minden eddigin\u00e9l nagyobb t\u00f6meget vonzott. A korm\u00e1ny \u00e1ltal bevezetett, LMBTQ+ rendezv\u00e9nyeket ellehetetlen\u00edt\u0151 t\u00f6rv\u00e9nyre v\u00e1laszul Budapest v\u00e1rosa hivatalos \u00f6nkorm\u00e1nyzati esem\u00e9nyk\u00e9nt hirdette meg a Pride-ot, \u00edgy megker\u00fclve a jogi korl\u00e1toz\u00e1st. A menet a V\u00e1rosh\u00e1za parkb\u00f3l indult, \u00e9s a v\u00e1rakoz\u00e1sokat messze fel\u00fclm\u00falva hatalmas t\u00f6meget mozgatott meg \u2013 egyes becsl\u00e9sek szerint k\u00f6zel f\u00e9lmilli\u00f3an vettek r\u00e9szt rajta, \u00edgy ez lett a rendszerv\u00e1lt\u00e1s ut\u00e1ni Magyarorsz\u00e1g legnagyobb civil demonstr\u00e1ci\u00f3ja.<\/p>\n\n\n\n<p>A r\u00e9sztvev\u0151k nemcsak az LMBTQ+ k\u00f6z\u00f6ss\u00e9g jogai mellett \u00e1lltak ki, hanem a demokr\u00e1cia, a sz\u00f3l\u00e1sszabads\u00e1g \u00e9s a civil ellen\u00e1ll\u00e1s fontoss\u00e1g\u00e1ra is felh\u00edvt\u00e1k a figyelmet. A felvonul\u00e1s b\u00e9k\u00e9sen zajlott, a hangulat pedig egyszerre volt \u00fcnnepi \u00e9s elsz\u00e1nt. A Pride idei mott\u00f3ja \u2013 \u201eItthon vagyunk\u201d \u2013 k\u00fcl\u00f6n\u00f6s hangs\u00falyt kapott egy olyan politikai k\u00f6rnyezetben, ahol egyre t\u00f6bb \u00e1llampolg\u00e1r \u00e9rzi \u00fagy, hogy jogait \u00e9s identit\u00e1s\u00e1t hivatalosan is megk\u00e9rd\u0151jelezik. A demonstr\u00e1ci\u00f3 nemcsak a k\u00f6z\u00f6ss\u00e9g, hanem a szolidarit\u00e1s \u00e9s a szabads\u00e1g hangos \u00fcnnepe is volt.<\/p>\n\n\n\n<p>Fot\u00f3: 24.hu<\/p>\n","protected":false},"excerpt":{"rendered":"<p>Id\u00e9n j\u00fanius 28-\u00e1n rendezt\u00e9k meg a 30. Budapest Pride felvonul\u00e1st, amely a hat\u00f3s\u00e1gi tilt\u00e1s ellen\u00e9re minden eddigin\u00e9l nagyobb t\u00f6meget vonzott. A korm\u00e1ny \u00e1ltal bevezetett, LMBTQ+ rendezv\u00e9nyeket ellehetetlen\u00edt\u0151 t\u00f6rv\u00e9nyre v\u00e1laszul Budapest v\u00e1rosa hivatalos \u00f6nkorm\u00e1nyzati esem\u00e9nyk\u00e9nt hirdette meg a Pride-ot, \u00edgy megker\u00fclve a jogi korl\u00e1toz\u00e1st. A menet a V\u00e1rosh\u00e1za parkb\u00f3l indult, \u00e9s a v\u00e1rakoz\u00e1sokat messze fel\u00fclm\u00falva hatalmas [&hellip;]<\/p>\n","protected":false},"author":1,"featured_media":189,"comment_status":"open","ping_status":"open","sticky":false,"template":"","format":"standard","meta":{"_monsterinsights_skip_tracking":false,"_monsterinsights_sitenote_active":false,"_monsterinsights_sitenote_note":"","_monsterinsights_sitenote_category":0,"tdm_status":"","tdm_grid_status":"","footnotes":""},"categories":[10,8,9],"tags":[],"class_list":{"0":"post-188","1":"post","2":"type-post","3":"status-publish","4":"format-standard","5":"has-post-thumbnail","7":"category-politics","8":"category-life","9":"category-music"},"_links":{"self":[{"href":"https:\/\/fltr.hu\/index.php?rest_route=\/wp\/v2\/posts\/188"}],"collection":[{"href":"https:\/\/fltr.hu\/index.php?rest_route=\/wp\/v2\/posts"}],"about":[{"href":"https:\/\/fltr.hu\/index.php?rest_route=\/wp\/v2\/types\/post"}],"author":[{"embeddable":true,"href":"https:\/\/fltr.hu\/index.php?rest_route=\/wp\/v2\/users\/1"}],"replies":[{"embeddable":true,"href":"https:\/\/fltr.hu\/index.php?rest_route=%2Fwp%2Fv2%2Fcomments&post=188"}],"version-history":[{"count":2,"href":"https:\/\/fltr.hu\/index.php?rest_route=\/wp\/v2\/posts\/188\/revisions"}],"predecessor-version":[{"id":191,"href":"https:\/\/fltr.hu\/index.php?rest_route=\/wp\/v2\/posts\/188\/revisions\/191"}],"wp:featuredmedia":[{"embeddable":true,"href":"https:\/\/fltr.hu\/index.php?rest_route=\/wp\/v2\/media\/189"}],"wp:attachment":[{"href":"https:\/\/fltr.hu\/index.php?rest_route=%2Fwp%2Fv2%2Fmedia&parent=188"}],"wp:term":[{"taxonomy":"category","embeddable":true,"href":"https:\/\/fltr.hu\/index.php?rest_route=%2Fwp%2Fv2%2Fcategories&post=188"},{"taxonomy":"post_tag","embeddable":true,"href":"https:\/\/fltr.hu\/index.php?rest_route=%2Fwp%2Fv2%2Ftags&post=188"}],"curies":[{"name":"wp","href":"https:\/\/api.w.org\/{rel}","templated":true}]}}