{"id":193,"date":"2025-07-26T23:29:20","date_gmt":"2025-07-26T21:29:20","guid":{"rendered":"https:\/\/fltr.hu\/?p=193"},"modified":"2025-08-02T20:00:18","modified_gmt":"2025-08-02T18:00:18","slug":"nyaron-is-folytatodik-a-filter-augusztusban-ujabb-esemennyel-jelentkezunk","status":"publish","type":"post","link":"https:\/\/fltr.hu\/?p=193","title":{"rendered":"Ny\u00e1ron is folytat\u00f3dik a Filter \u2013 augusztusban \u00fajabb esem\u00e9nnyel jelentkez\u00fcnk"},"content":{"rendered":"\n<p>A <strong>Filter<\/strong> estek c\u00e9lja, hogy teret adjon a fiataloknak fontos t\u00e1rsadalmi \u00e9s k\u00f6z\u00e9leti t\u00e9m\u00e1k k\u00f6z\u00f6s feldolgoz\u00e1s\u00e1ra, inform\u00e1lis, nyitott besz\u00e9lget\u00e9sek keret\u00e9ben. A programmal <strong>p\u00e1rbesz\u00e9dre \u00e9s kritikus gondolkod\u00e1sra szeretn\u00e9nk \u00f6szt\u00f6n\u00f6zni<\/strong>, mik\u00f6zben lehet\u0151s\u00e9get teremt\u00fcnk arra is, hogy a r\u00e9sztvev\u0151k jobban meg\u00e9rts\u00e9k a m\u00e9dia m\u0171k\u00f6d\u00e9s\u00e9t, valamint a h\u00edrfogyaszt\u00e1s \u00e9s a t\u00e1j\u00e9koz\u00f3d\u00e1s kih\u00edv\u00e1sait.<\/p>\n\n\n\n<p>A ny\u00e1ri h\u00f3napokban is fontosnak tartjuk, hogy ne szakadjon meg a k\u00f6z\u00f6ss\u00e9gi gondolkod\u00e1s \u00e9s az akt\u00edv r\u00e9szv\u00e9tel \u2013 <strong>augusztusban egy \u00fajabb alkalommal jelentkez\u00fcnk<\/strong>, ahol egy aktu\u00e1lis t\u00e9ma kapcs\u00e1n h\u00edvunk k\u00f6z\u00f6s gondolkod\u00e1sra \u00fajs\u00e1g\u00edr\u00f3kat, szak\u00e9rt\u0151ket \u00e9s minden \u00e9rdekl\u0151d\u0151t.<\/p>\n\n\n\n<p>A pontos id\u0151pontot \u00e9s vend\u00e9geket hamarosan k\u00f6zz\u00e9tessz\u00fck \u2013 \u00e9rdemes k\u00f6vetni fel\u00fcleteinket, \u00e9s csatlakozni a besz\u00e9lget\u00e9shez!<\/p>\n\n\n\n<p>A program az Eur\u00f3pai Uni\u00f3 \u00e9s az \u00d6kot\u00e1rs Alap\u00edtv\u00e1ny t\u00e1mogat\u00e1s\u00e1val val\u00f3sul meg. <\/p>\n\n\n\n<figure class=\"wp-block-image size-medium\"><img decoding=\"async\" width=\"300\" height=\"47\" src=\"https:\/\/fltr.hu\/wp-content\/uploads\/2025\/08\/KEP_logok_EU_nelkul-300x47.jpg\" alt=\"\" class=\"wp-image-200\" srcset=\"https:\/\/fltr.hu\/wp-content\/uploads\/2025\/08\/KEP_logok_EU_nelkul-300x47.jpg 300w, https:\/\/fltr.hu\/wp-content\/uploads\/2025\/08\/KEP_logok_EU_nelkul-1024x160.jpg 1024w, https:\/\/fltr.hu\/wp-content\/uploads\/2025\/08\/KEP_logok_EU_nelkul-768x120.jpg 768w, https:\/\/fltr.hu\/wp-content\/uploads\/2025\/08\/KEP_logok_EU_nelkul-1536x240.jpg 1536w, https:\/\/fltr.hu\/wp-content\/uploads\/2025\/08\/KEP_logok_EU_nelkul-2048x319.jpg 2048w, https:\/\/fltr.hu\/wp-content\/uploads\/2025\/08\/KEP_logok_EU_nelkul-696x109.jpg 696w, https:\/\/fltr.hu\/wp-content\/uploads\/2025\/08\/KEP_logok_EU_nelkul-1068x167.jpg 1068w, https:\/\/fltr.hu\/wp-content\/uploads\/2025\/08\/KEP_logok_EU_nelkul-1920x299.jpg 1920w\" sizes=\"(max-width: 300px) 100vw, 300px\" \/><\/figure>\n","protected":false},"excerpt":{"rendered":"<p>A Filter estek c\u00e9lja, hogy teret adjon a fiataloknak fontos t\u00e1rsadalmi \u00e9s k\u00f6z\u00e9leti t\u00e9m\u00e1k k\u00f6z\u00f6s feldolgoz\u00e1s\u00e1ra, inform\u00e1lis, nyitott besz\u00e9lget\u00e9sek keret\u00e9ben. A programmal p\u00e1rbesz\u00e9dre \u00e9s kritikus gondolkod\u00e1sra szeretn\u00e9nk \u00f6szt\u00f6n\u00f6zni, mik\u00f6zben lehet\u0151s\u00e9get teremt\u00fcnk arra is, hogy a r\u00e9sztvev\u0151k jobban meg\u00e9rts\u00e9k a m\u00e9dia m\u0171k\u00f6d\u00e9s\u00e9t, valamint a h\u00edrfogyaszt\u00e1s \u00e9s a t\u00e1j\u00e9koz\u00f3d\u00e1s kih\u00edv\u00e1sait. A ny\u00e1ri h\u00f3napokban is fontosnak tartjuk, hogy [&hellip;]<\/p>\n","protected":false},"author":2,"featured_media":194,"comment_status":"open","ping_status":"open","sticky":false,"template":"","format":"standard","meta":{"_monsterinsights_skip_tracking":false,"_monsterinsights_sitenote_active":false,"_monsterinsights_sitenote_note":"","_monsterinsights_sitenote_category":0,"tdm_status":"","tdm_grid_status":"","footnotes":""},"categories":[5,6,10],"tags":[],"class_list":{"0":"post-193","1":"post","2":"type-post","3":"status-publish","4":"format-standard","5":"has-post-thumbnail","7":"category-featured","8":"category-aktual","9":"category-politics"},"_links":{"self":[{"href":"https:\/\/fltr.hu\/index.php?rest_route=\/wp\/v2\/posts\/193"}],"collection":[{"href":"https:\/\/fltr.hu\/index.php?rest_route=\/wp\/v2\/posts"}],"about":[{"href":"https:\/\/fltr.hu\/index.php?rest_route=\/wp\/v2\/types\/post"}],"author":[{"embeddable":true,"href":"https:\/\/fltr.hu\/index.php?rest_route=\/wp\/v2\/users\/2"}],"replies":[{"embeddable":true,"href":"https:\/\/fltr.hu\/index.php?rest_route=%2Fwp%2Fv2%2Fcomments&post=193"}],"version-history":[{"count":2,"href":"https:\/\/fltr.hu\/index.php?rest_route=\/wp\/v2\/posts\/193\/revisions"}],"predecessor-version":[{"id":223,"href":"https:\/\/fltr.hu\/index.php?rest_route=\/wp\/v2\/posts\/193\/revisions\/223"}],"wp:featuredmedia":[{"embeddable":true,"href":"https:\/\/fltr.hu\/index.php?rest_route=\/wp\/v2\/media\/194"}],"wp:attachment":[{"href":"https:\/\/fltr.hu\/index.php?rest_route=%2Fwp%2Fv2%2Fmedia&parent=193"}],"wp:term":[{"taxonomy":"category","embeddable":true,"href":"https:\/\/fltr.hu\/index.php?rest_route=%2Fwp%2Fv2%2Fcategories&post=193"},{"taxonomy":"post_tag","embeddable":true,"href":"https:\/\/fltr.hu\/index.php?rest_route=%2Fwp%2Fv2%2Ftags&post=193"}],"curies":[{"name":"wp","href":"https:\/\/api.w.org\/{rel}","templated":true}]}}