{"id":247,"date":"2025-05-24T18:48:45","date_gmt":"2025-05-24T16:48:45","guid":{"rendered":"https:\/\/fltr.hu\/?p=247"},"modified":"2025-08-03T18:57:06","modified_gmt":"2025-08-03T16:57:06","slug":"uj-helyszinen-folytatjuk-a-filter-esteket","status":"publish","type":"post","link":"https:\/\/fltr.hu\/?p=247","title":{"rendered":"\u00daj helysz\u00ednen folytatjuk a Filter esteket!"},"content":{"rendered":"\n<figure class=\"wp-block-image size-large\"><img fetchpriority=\"high\" decoding=\"async\" width=\"1024\" height=\"576\" src=\"https:\/\/fltr.hu\/wp-content\/uploads\/2025\/08\/499998115_1289195619879972_4719259034596506666_n-1-1024x576.jpg\" alt=\"\" class=\"wp-image-248\" srcset=\"https:\/\/fltr.hu\/wp-content\/uploads\/2025\/08\/499998115_1289195619879972_4719259034596506666_n-1-1024x576.jpg 1024w, https:\/\/fltr.hu\/wp-content\/uploads\/2025\/08\/499998115_1289195619879972_4719259034596506666_n-1-300x169.jpg 300w, https:\/\/fltr.hu\/wp-content\/uploads\/2025\/08\/499998115_1289195619879972_4719259034596506666_n-1-768x432.jpg 768w, https:\/\/fltr.hu\/wp-content\/uploads\/2025\/08\/499998115_1289195619879972_4719259034596506666_n-1-1536x864.jpg 1536w, https:\/\/fltr.hu\/wp-content\/uploads\/2025\/08\/499998115_1289195619879972_4719259034596506666_n-1-696x392.jpg 696w, https:\/\/fltr.hu\/wp-content\/uploads\/2025\/08\/499998115_1289195619879972_4719259034596506666_n-1-1068x601.jpg 1068w, https:\/\/fltr.hu\/wp-content\/uploads\/2025\/08\/499998115_1289195619879972_4719259034596506666_n-1.jpg 1920w\" sizes=\"(max-width: 1024px) 100vw, 1024px\" \/><\/figure>\n\n\n\n<p>J\u00fanius elej\u00e9n m\u00e1r minden okunk megvan, hogy j\u00f3 id\u0151re k\u00e9sz\u00fclj\u00fcnk. \u00c9pp ez\u00e9rt itt az ideje kimozdulni! Gyertek el a k\u00f6vetkez\u0151 Filter estre is! <\/p>\n\n\n\n<p>Mi marad a t\u00e9nyekb\u0151l? &#8211; \u00dajs\u00e1g\u00edr\u00e1s a frontvonalban, 2025-ben<\/p>\n\n\n\n<p>Galavits Patrik &amp; Selmeci J\u00e1nos \u2013 besz\u00e9lget\u00e9s \u00e9l\u0151ben a R\u00e1di\u00f3 X szervez\u00e9s\u00e9ben<\/p>\n\n\n\n<p>Id\u0151pont: 2025.06.04 18.00 (gy\u00fclekez\u0151 17.30-t\u00f3l)<\/p>\n\n\n\n<p>Helysz\u00edn: Fi\u00f3ka \u2013 V\u00e1rosmajor utca 75, Budapest XII<\/p>\n\n\n\n<p>Moder\u00e1l: Kem\u00e9ny D\u00e1niel (R\u00e1di\u00f3 X)<\/p>\n\n\n\n<p>Meddig b\u00edrj\u00e1k a t\u00e9nyek a nyom\u00e1st?<\/p>\n\n\n\n<p>Az inform\u00e1ci\u00f3 t\u00fal sok, a bizalom kev\u00e9s, a h\u00edrfolyam sz\u0171retlen, a m\u00e9dia pedig \u00e1talakult. A R\u00e1di\u00f3 X nyilv\u00e1nos kerekasztal-besz\u00e9lget\u00e9s\u00e9n k\u00e9t elismert \u00fajs\u00e1g\u00edr\u00f3val \u2013 Galavits Patrikkal (Direkt36) \u00e9s Selmeci J\u00e1nossal (Klubr\u00e1di\u00f3) \u2013 besz\u00e9lget\u00fcnk arr\u00f3l,<br>hogyan v\u00e1ltozik az \u00fajs\u00e1g\u00edr\u00e1s terepe 2025-ben,<\/p>\n\n\n\n<p>&#8211; mi t\u00f6rt\u00e9nik a t\u00e9nyekkel, ha mindenki a saj\u00e1t val\u00f3s\u00e1g\u00e1ban \u00e9l,<br>&#8211; milyen hat\u00e1sa van a dezinform\u00e1ci\u00f3nak \u00e9s fake news-nak,<br>&#8211; mit kezd ezzel az eg\u00e9sz k\u00e1osszal a fiatal m\u00e9diafogyaszt\u00f3,<br>&#8211; \u00e9s mi a szerepe egy\u00e1ltal\u00e1n ma az \u00fajs\u00e1g\u00edr\u00e1snak egy olyan vil\u00e1gban, ahol egyre kevesebben k\u00edv\u00e1ncsiak a val\u00f3s\u00e1gra.<\/p>\n\n\n\n<p>A kerekasztal 18 \u00f3r\u00e1t\u00f3l kezd\u0151dik, \u00e9s nagyj\u00e1b\u00f3l 1 \u00f3r\u00e1sra tervezz\u00fck. 19 \u00f3r\u00e1t\u00f3l a Wild Boar Project DJ csapata veszi \u00e1t a terepet, hogy kellemes h\u00e1tt\u00e9rzen\u00e9vel folytathassuk a besz\u00e9lget\u00e9st egy s\u00f6r mellett, 22 \u00f3r\u00e1ig!<\/p>\n\n\n\n<p>Nagy szeretettel v\u00e1runk!\u00a0<\/p>\n\n\n\n<p>A program az \u00d6kot\u00e1rs Alap\u00edtv\u00e1ny \u00e9s az Eur\u00f3pai Uni\u00f3 t\u00e1mogat\u00e1s\u00e1val val\u00f3sul meg. <\/p>\n","protected":false},"excerpt":{"rendered":"<p>J\u00fanius elej\u00e9n m\u00e1r minden okunk megvan, hogy j\u00f3 id\u0151re k\u00e9sz\u00fclj\u00fcnk. \u00c9pp ez\u00e9rt itt az ideje kimozdulni! Gyertek el a k\u00f6vetkez\u0151 Filter estre is! Mi marad a t\u00e9nyekb\u0151l? &#8211; \u00dajs\u00e1g\u00edr\u00e1s a frontvonalban, 2025-ben Galavits Patrik &amp; Selmeci J\u00e1nos \u2013 besz\u00e9lget\u00e9s \u00e9l\u0151ben a R\u00e1di\u00f3 X szervez\u00e9s\u00e9ben Id\u0151pont: 2025.06.04 18.00 (gy\u00fclekez\u0151 17.30-t\u00f3l) Helysz\u00edn: Fi\u00f3ka \u2013 V\u00e1rosmajor utca 75, [&hellip;]<\/p>\n","protected":false},"author":2,"featured_media":248,"comment_status":"open","ping_status":"open","sticky":false,"template":"","format":"standard","meta":{"_monsterinsights_skip_tracking":false,"_monsterinsights_sitenote_active":false,"_monsterinsights_sitenote_note":"","_monsterinsights_sitenote_category":0,"tdm_status":"","tdm_grid_status":"","footnotes":""},"categories":[5,6,10,7],"tags":[],"class_list":{"0":"post-247","1":"post","2":"type-post","3":"status-publish","4":"format-standard","5":"has-post-thumbnail","7":"category-featured","8":"category-aktual","9":"category-politics","10":"category-electro"},"_links":{"self":[{"href":"https:\/\/fltr.hu\/index.php?rest_route=\/wp\/v2\/posts\/247"}],"collection":[{"href":"https:\/\/fltr.hu\/index.php?rest_route=\/wp\/v2\/posts"}],"about":[{"href":"https:\/\/fltr.hu\/index.php?rest_route=\/wp\/v2\/types\/post"}],"author":[{"embeddable":true,"href":"https:\/\/fltr.hu\/index.php?rest_route=\/wp\/v2\/users\/2"}],"replies":[{"embeddable":true,"href":"https:\/\/fltr.hu\/index.php?rest_route=%2Fwp%2Fv2%2Fcomments&post=247"}],"version-history":[{"count":2,"href":"https:\/\/fltr.hu\/index.php?rest_route=\/wp\/v2\/posts\/247\/revisions"}],"predecessor-version":[{"id":251,"href":"https:\/\/fltr.hu\/index.php?rest_route=\/wp\/v2\/posts\/247\/revisions\/251"}],"wp:featuredmedia":[{"embeddable":true,"href":"https:\/\/fltr.hu\/index.php?rest_route=\/wp\/v2\/media\/248"}],"wp:attachment":[{"href":"https:\/\/fltr.hu\/index.php?rest_route=%2Fwp%2Fv2%2Fmedia&parent=247"}],"wp:term":[{"taxonomy":"category","embeddable":true,"href":"https:\/\/fltr.hu\/index.php?rest_route=%2Fwp%2Fv2%2Fcategories&post=247"},{"taxonomy":"post_tag","embeddable":true,"href":"https:\/\/fltr.hu\/index.php?rest_route=%2Fwp%2Fv2%2Ftags&post=247"}],"curies":[{"name":"wp","href":"https:\/\/api.w.org\/{rel}","templated":true}]}}