{"id":252,"date":"2025-07-09T22:34:38","date_gmt":"2025-07-09T20:34:38","guid":{"rendered":"https:\/\/fltr.hu\/?p=252"},"modified":"2025-08-03T22:37:38","modified_gmt":"2025-08-03T20:37:38","slug":"a-balaton-nem-bir-el-tobb-betont-irj-a-hatosagnak","status":"publish","type":"post","link":"https:\/\/fltr.hu\/?p=252","title":{"rendered":"A Balaton nem b\u00edr el t\u00f6bb betont! \u00cdrj a hat\u00f3s\u00e1gnak!"},"content":{"rendered":"\n<p><strong>Ha Ti is tenn\u00e9tek a balatoni be\u00e9p\u00edt\u00e9sek ellen, itt egy j\u00f3 alkalom. Az MTVSZ felh\u00edv\u00e1s\u00e1t l\u00e1tj\u00e1tok al\u00e1bb &#8211; ha szerintetek is j\u00f3 a c\u00e9l, seg\u00edtsetek nekik!<\/strong><\/p>\n\n\n\n<p><strong>A tihanyi&nbsp; Kenderf\u00f6ldeken imm\u00e1r a sokadik beruh\u00e1z\u00e1st tervezik p\u00e1r \u00e9ven bel\u00fcl. A seg\u00edts\u00e9getekkel m\u00e1r t\u00f6bb alkalommal is siker\u00fclt megakad\u00e1lyoznunk a be\u00e9p\u00edt\u00e9st.<\/strong><\/p>\n\n\n\n<p>A befektet\u0151 jelenleg k\u00e9t t\u00e1rsash\u00e1z \u00e9p\u00edt\u00e9s\u00e9t szeretn\u00e9 enged\u00e9lyeztetni a v\u00e9dett Tihanyi-f\u00e9lsziget keleti oldal\u00e1nak utols\u00f3 nagy \u00f6sszef\u00fcgg\u0151 parti z\u00f6ldfel\u00fclet\u00e9n.<\/p>\n\n\n\n<p>A hat\u00f3s\u00e1ghoz beadott dokumentumban a beruh\u00e1z\u00f3 tagadja, hogy a be\u00e9p\u00edt\u00e9s negat\u00edv hat\u00e1ssal lesz a helyi mikrokl\u00edm\u00e1ra \u00e9s a Balatonra. Ez megt\u00e9veszt\u00e9s! A Magyar Tudom\u00e1nyos Akad\u00e9mia is kimondta, hogy a kl\u00edmav\u00e1ltoz\u00e1s a Balaton v\u00edzmennyis\u00e9g\u00e9re \u00e9s a v\u00edzmin\u0151s\u00e9gre is jelent\u0151s hat\u00e1ssal van. Minden be\u00e9p\u00edt\u00e9s s\u00falyosb\u00edtja a probl\u00e9m\u00e1kat! A Balaton nem b\u00edr el t\u00f6bb betont!<br><br>Te is tehetsz most ez ellen! Csak 5 perc. Most annyit kell tenned, hogy bek\u00fcldesz egy \u00e1llampolg\u00e1ri \u00e9szrev\u00e9telt a beruh\u00e1z\u00e1st vizsg\u00e1l\u00f3 veszpr\u00e9mi korm\u00e1nyhivatal&nbsp;r\u00e9sz\u00e9re, amelyben le\u00edrod agg\u00e1lyaidat a tervezett beruh\u00e1z\u00e1ssal kapcsolatban. Ehhez mint\u00e1t is adunk, melyet itt tal\u00e1lsz. Persze a legjobb, ha a saj\u00e1t gondolataidat \u00edrod le, vagy kieg\u00e9sz\u00edtheted a mint\u00e1t a saj\u00e1t megl\u00e1t\u00e1saiddal:<\/p>\n\n\n\n<p>Kenderf\u00f6ldek \u00e1llampolg\u00e1ri \u00e9szrev\u00e9telek 2025. j\u00falius &#8211;&nbsp;<a href=\"https:\/\/www.mtvsz.hu\/uploads\/files\/MTVSZ_allampolg_eszrevetel_Kenderf-2025-07-16.docx\">MINTALEV\u00c9L<\/a>&nbsp;<\/p>\n\n\n\n<p>Fontos, hogy k\u00e9rd a hivatalt, rendelje el egy \u00f6sszevont k\u00f6rnyezeti hat\u00e1svizsg\u00e1lat elv\u00e9gz\u00e9s\u00e9t.<\/p>\n\n\n\n<p>\u00c9szrev\u00e9teled bek\u00fcldheted e-pap\u00edron, vagy ak\u00e1r lev\u00e9lben is.<\/p>\n\n\n\n<p><strong>Az \u00e9szrev\u00e9telek be\u00e9rkez\u00e9si hat\u00e1rideje: 2025.07.18., p\u00e9ntek, \u00e9jf\u00e9l.<\/strong><\/p>\n\n\n\n<p><br><strong>E-pap\u00edron \u00edgy tudod bek\u00fcldeni:<\/strong><\/p>\n\n\n\n<p><a href=\"https:\/\/epapir.gov.hu\">https:\/\/epapir.gov.hu<\/a><\/p>\n\n\n\n<p>T\u00e9macsoport: Korm\u00e1nyhivatali \u00fcgyek;<\/p>\n\n\n\n<p>\u00dcgyt\u00edpus: K\u00f6rnyezet-\u00e9s term\u00e9szetv\u00e9delmi feladatok;<\/p>\n\n\n\n<p>C\u00edmzett: Veszpr\u00e9m V\u00e1rmegyei&nbsp;Korm\u00e1nyhivatal<\/p>\n\n\n\n<p>\u00dcgyiratsz\u00e1m: VE\/30\/07555\/2022.<\/p>\n\n\n\n<p><strong>Lev\u00e9lben \u00edgy tudod bek\u00fcldeni:<\/strong><\/p>\n\n\n\n<p>K\u00f6rnyezetv\u00e9delmi, Term\u00e9szetv\u00e9delmi \u00e9s Hullad\u00e9kgazd\u00e1lkod\u00e1si F\u0151oszt\u00e1ly<\/p>\n\n\n\n<p>8200, Veszpr\u00e9m<\/p>\n\n\n\n<p>J\u00f3zsef Attila u. 36.<\/p>\n\n\n\n<p>\u00cdrd r\u00e1 a bor\u00edt\u00e9kra az \u00fcgyiratsz\u00e1mot: VE\/30\/06269-7\/2025; VE\/30\/06268-3\/2025<\/p>\n","protected":false},"excerpt":{"rendered":"<p>Ha Ti is tenn\u00e9tek a balatoni be\u00e9p\u00edt\u00e9sek ellen, itt egy j\u00f3 alkalom. Az MTVSZ felh\u00edv\u00e1s\u00e1t l\u00e1tj\u00e1tok al\u00e1bb &#8211; ha szerintetek is j\u00f3 a c\u00e9l, seg\u00edtsetek nekik! A tihanyi&nbsp; Kenderf\u00f6ldeken imm\u00e1r a sokadik beruh\u00e1z\u00e1st tervezik p\u00e1r \u00e9ven bel\u00fcl. A seg\u00edts\u00e9getekkel m\u00e1r t\u00f6bb alkalommal is siker\u00fclt megakad\u00e1lyoznunk a be\u00e9p\u00edt\u00e9st. A befektet\u0151 jelenleg k\u00e9t t\u00e1rsash\u00e1z \u00e9p\u00edt\u00e9s\u00e9t szeretn\u00e9 enged\u00e9lyeztetni [&hellip;]<\/p>\n","protected":false},"author":1,"featured_media":253,"comment_status":"open","ping_status":"open","sticky":false,"template":"","format":"standard","meta":{"_monsterinsights_skip_tracking":false,"_monsterinsights_sitenote_active":false,"_monsterinsights_sitenote_note":"","_monsterinsights_sitenote_category":0,"tdm_status":"","tdm_grid_status":"","footnotes":""},"categories":[17,10,18],"tags":[],"class_list":{"0":"post-252","1":"post","2":"type-post","3":"status-publish","4":"format-standard","5":"has-post-thumbnail","7":"category-civil","8":"category-politics","9":"category-zold"},"_links":{"self":[{"href":"https:\/\/fltr.hu\/index.php?rest_route=\/wp\/v2\/posts\/252"}],"collection":[{"href":"https:\/\/fltr.hu\/index.php?rest_route=\/wp\/v2\/posts"}],"about":[{"href":"https:\/\/fltr.hu\/index.php?rest_route=\/wp\/v2\/types\/post"}],"author":[{"embeddable":true,"href":"https:\/\/fltr.hu\/index.php?rest_route=\/wp\/v2\/users\/1"}],"replies":[{"embeddable":true,"href":"https:\/\/fltr.hu\/index.php?rest_route=%2Fwp%2Fv2%2Fcomments&post=252"}],"version-history":[{"count":1,"href":"https:\/\/fltr.hu\/index.php?rest_route=\/wp\/v2\/posts\/252\/revisions"}],"predecessor-version":[{"id":254,"href":"https:\/\/fltr.hu\/index.php?rest_route=\/wp\/v2\/posts\/252\/revisions\/254"}],"wp:featuredmedia":[{"embeddable":true,"href":"https:\/\/fltr.hu\/index.php?rest_route=\/wp\/v2\/media\/253"}],"wp:attachment":[{"href":"https:\/\/fltr.hu\/index.php?rest_route=%2Fwp%2Fv2%2Fmedia&parent=252"}],"wp:term":[{"taxonomy":"category","embeddable":true,"href":"https:\/\/fltr.hu\/index.php?rest_route=%2Fwp%2Fv2%2Fcategories&post=252"},{"taxonomy":"post_tag","embeddable":true,"href":"https:\/\/fltr.hu\/index.php?rest_route=%2Fwp%2Fv2%2Ftags&post=252"}],"curies":[{"name":"wp","href":"https:\/\/api.w.org\/{rel}","templated":true}]}}