{"id":255,"date":"2025-06-28T19:45:00","date_gmt":"2025-06-28T17:45:00","guid":{"rendered":"https:\/\/fltr.hu\/?p=255"},"modified":"2025-08-03T22:48:11","modified_gmt":"2025-08-03T20:48:11","slug":"videonk-a-helyszinrol-ellentuntetok-vartak-a-pride-menetet-egyikuk-beszaladt-a-menetbe","status":"publish","type":"post","link":"https:\/\/fltr.hu\/?p=255","title":{"rendered":"Vide\u00f3nk a helysz\u00ednr\u0151l: ellent\u00fcntet\u0151k v\u00e1rt\u00e1k a Pride menetet, egyik\u00fcket a rend\u0151r\u00f6k szedt\u00e9k ki"},"content":{"rendered":"\n<figure class=\"wp-block-image size-large\"><img fetchpriority=\"high\" decoding=\"async\" width=\"1024\" height=\"576\" src=\"https:\/\/fltr.hu\/wp-content\/uploads\/2025\/08\/vlcsnap-2025-08-03-22h43m51s079-1-1024x576.jpg\" alt=\"\" class=\"wp-image-258\" srcset=\"https:\/\/fltr.hu\/wp-content\/uploads\/2025\/08\/vlcsnap-2025-08-03-22h43m51s079-1-1024x576.jpg 1024w, https:\/\/fltr.hu\/wp-content\/uploads\/2025\/08\/vlcsnap-2025-08-03-22h43m51s079-1-300x169.jpg 300w, https:\/\/fltr.hu\/wp-content\/uploads\/2025\/08\/vlcsnap-2025-08-03-22h43m51s079-1-768x432.jpg 768w, https:\/\/fltr.hu\/wp-content\/uploads\/2025\/08\/vlcsnap-2025-08-03-22h43m51s079-1-1536x864.jpg 1536w, https:\/\/fltr.hu\/wp-content\/uploads\/2025\/08\/vlcsnap-2025-08-03-22h43m51s079-1-696x392.jpg 696w, https:\/\/fltr.hu\/wp-content\/uploads\/2025\/08\/vlcsnap-2025-08-03-22h43m51s079-1-1068x601.jpg 1068w, https:\/\/fltr.hu\/wp-content\/uploads\/2025\/08\/vlcsnap-2025-08-03-22h43m51s079-1.jpg 1920w\" sizes=\"(max-width: 1024px) 100vw, 1024px\" \/><\/figure>\n\n\n\n<p>Ma d\u00e9lut\u00e1n ker\u00fclt sor <strong>a 30. Budapest Pride<\/strong> felvonul\u00e1s\u00e1ra amit a f\u0151v\u00e1ros \u00f6nkorm\u00e1nyzata \u00e9s a Sziv\u00e1rv\u00e1ny Misszi\u00f3 Alap\u00edtv\u00e1ny szervezett \u2013 hivatalosan Budapesti B\u00fcszkes\u00e9g n\u00e9ven, \u00f6nkorm\u00e1nyzati esem\u00e9nyk\u00e9nt, hogy megker\u00fclj\u00e9k a korm\u00e1ny betilt\u00e1s\u00e1t. B\u00e1r a rend\u0151rs\u00e9g t\u00f6rv\u00e9nyellenesnek nyilv\u00e1n\u00edtotta, v\u00e9g\u00fcl m\u00e9gis megtartott\u00e1k: tizen\u2011, vagy ak\u00e1r t\u00f6bb sz\u00e1zezres t\u00f6meg vonult, ami \u00edgy az eddigi legnagyobb hazai Pride lett. <\/p>\n\n\n\n<p>A menet szok\u00e1sos \u00fatvonal\u00e1ra \u2013 a De\u00e1k t\u00e9rt\u0151l a M\u00fazeum k\u00f6r\u00faton \u2013 el\u0151zetesen <strong>ellent\u00fcntet\u0151k<\/strong>, els\u0151sorban a sz\u00e9ls\u0151jobboldali <em>Mi Haz\u00e1nk<\/em> csoportjai aut\u00f3k \u00e9s \u00e9l\u0151l\u00e1nc r\u00e9v\u00e9n a <strong>Szabads\u00e1g hidat foglalt\u00e1k el<\/strong>. Emiatt a Pride menet\u00e9t \u00e1tir\u00e1ny\u00edtott\u00e1k az Erzs\u00e9bet h\u00eddhoz, ahol v\u00e9g\u00fcl folytat\u00f3dott a vonul\u00e1s, rendk\u00edv\u00fcli jelenetek n\u00e9lk\u00fcl. <\/p>\n\n\n\n<p>A Szabads\u00e1g h\u00edd budai h\u00eddf\u0151j\u00e9n\u00e9l k\u00f6r\u00fclbel\u00fcl h\u00fasz ellent\u00fcntet\u0151 transzparensekkel \u00e1llta el a menet \u00fatj\u00e1t, valamint \u00e9lni\u00fck kellett a \u201eSTOP\u202fLMBTQ pedof\u00edlia\u201d \u00e9s egy\u00e9b feliratokkal. A rend\u0151rs\u00e9g viszont azonnal k\u00f6zbel\u00e9pett, kiszor\u00edtotta \u0151ket az \u00fattestr\u0151l, akik az \u00fat sz\u00e9l\u00e9n folytatt\u00e1k a magasba tartott t\u00e1bl\u00e1s tiltakoz\u00e1st \u00e9s rigmusokat skand\u00e1ltak \u2013 de tettlegess\u00e9g nem t\u00f6rt\u00e9nt. <\/p>\n\n\n\n<figure class=\"wp-block-video\"><video controls src=\"blob:https:\/\/fltr.hu\/665bb834-ace9-4be0-b795-7ab6c543f940\"><\/video><\/figure>\n\n\n\n<p><\/p>\n","protected":false},"excerpt":{"rendered":"<p>Ma d\u00e9lut\u00e1n ker\u00fclt sor a 30. Budapest Pride felvonul\u00e1s\u00e1ra amit a f\u0151v\u00e1ros \u00f6nkorm\u00e1nyzata \u00e9s a Sziv\u00e1rv\u00e1ny Misszi\u00f3 Alap\u00edtv\u00e1ny szervezett \u2013 hivatalosan Budapesti B\u00fcszkes\u00e9g n\u00e9ven, \u00f6nkorm\u00e1nyzati esem\u00e9nyk\u00e9nt, hogy megker\u00fclj\u00e9k a korm\u00e1ny betilt\u00e1s\u00e1t. B\u00e1r a rend\u0151rs\u00e9g t\u00f6rv\u00e9nyellenesnek nyilv\u00e1n\u00edtotta, v\u00e9g\u00fcl m\u00e9gis megtartott\u00e1k: tizen\u2011, vagy ak\u00e1r t\u00f6bb sz\u00e1zezres t\u00f6meg vonult, ami \u00edgy az eddigi legnagyobb hazai Pride lett. A [&hellip;]<\/p>\n","protected":false},"author":2,"featured_media":258,"comment_status":"open","ping_status":"open","sticky":false,"template":"","format":"standard","meta":{"_monsterinsights_skip_tracking":false,"_monsterinsights_sitenote_active":false,"_monsterinsights_sitenote_note":"","_monsterinsights_sitenote_category":0,"tdm_status":"","tdm_grid_status":"","footnotes":""},"categories":[5,6,17,10,8,9],"tags":[],"class_list":{"0":"post-255","1":"post","2":"type-post","3":"status-publish","4":"format-standard","5":"has-post-thumbnail","7":"category-featured","8":"category-aktual","9":"category-civil","10":"category-politics","11":"category-life","12":"category-music"},"_links":{"self":[{"href":"https:\/\/fltr.hu\/index.php?rest_route=\/wp\/v2\/posts\/255"}],"collection":[{"href":"https:\/\/fltr.hu\/index.php?rest_route=\/wp\/v2\/posts"}],"about":[{"href":"https:\/\/fltr.hu\/index.php?rest_route=\/wp\/v2\/types\/post"}],"author":[{"embeddable":true,"href":"https:\/\/fltr.hu\/index.php?rest_route=\/wp\/v2\/users\/2"}],"replies":[{"embeddable":true,"href":"https:\/\/fltr.hu\/index.php?rest_route=%2Fwp%2Fv2%2Fcomments&post=255"}],"version-history":[{"count":2,"href":"https:\/\/fltr.hu\/index.php?rest_route=\/wp\/v2\/posts\/255\/revisions"}],"predecessor-version":[{"id":260,"href":"https:\/\/fltr.hu\/index.php?rest_route=\/wp\/v2\/posts\/255\/revisions\/260"}],"wp:featuredmedia":[{"embeddable":true,"href":"https:\/\/fltr.hu\/index.php?rest_route=\/wp\/v2\/media\/258"}],"wp:attachment":[{"href":"https:\/\/fltr.hu\/index.php?rest_route=%2Fwp%2Fv2%2Fmedia&parent=255"}],"wp:term":[{"taxonomy":"category","embeddable":true,"href":"https:\/\/fltr.hu\/index.php?rest_route=%2Fwp%2Fv2%2Fcategories&post=255"},{"taxonomy":"post_tag","embeddable":true,"href":"https:\/\/fltr.hu\/index.php?rest_route=%2Fwp%2Fv2%2Ftags&post=255"}],"curies":[{"name":"wp","href":"https:\/\/api.w.org\/{rel}","templated":true}]}}