{"id":261,"date":"2025-07-16T22:52:38","date_gmt":"2025-07-16T20:52:38","guid":{"rendered":"https:\/\/fltr.hu\/?p=261"},"modified":"2025-08-03T22:56:04","modified_gmt":"2025-08-03T20:56:04","slug":"lelegeztetogepre-gyujt-a-mentoszolgalat-alapitvanya","status":"publish","type":"post","link":"https:\/\/fltr.hu\/?p=261","title":{"rendered":"L\u00e9legeztet\u0151g\u00e9pre gy\u0171jt a Ment\u0151szolg\u00e1lat Alap\u00edtv\u00e1nya"},"content":{"rendered":"\n<p>Az Orsz\u00e1gos Ment\u0151szolg\u00e1lat Alap\u00edtv\u00e1nya adom\u00e1nygy\u0171jt\u00e9sbe kezdett: <strong>egy \u00faj, hordozhat\u00f3 l\u00e9legeztet\u0151g\u00e9pre lenne sz\u00fcks\u00e9g\u00fck a bicskei ment\u0151aut\u00f3hoz<\/strong>. Az eszk\u00f6z a r\u00e9gi g\u00e9p hely\u00e9re ker\u00fclne, \u00e9s \u00e9letment\u0151 szerepe lehet a helysz\u00edni ell\u00e1t\u00e1sban.<br>\ud83d\udc49 <strong>Aki szeretne csatlakozni a kezdem\u00e9nyez\u00e9shez, az Alap\u00edtv\u00e1ny oldal\u00e1n megteheti.<\/strong><\/p>\n\n\n\n<p>A felh\u00edv\u00e1sban azt \u00edrj\u00e1k: a c\u00e9l egy modernebb, megb\u00edzhat\u00f3bb eszk\u00f6z beszerz\u00e9se \u2013 a most haszn\u00e1lt g\u00e9p m\u00e1r elavult. Az Alap\u00edtv\u00e1ny nem el\u0151sz\u00f6r ind\u00edt hasonl\u00f3 akci\u00f3t, <strong>az elm\u00falt id\u0151szakban 13 telep\u00fcl\u00e9sre siker\u00fclt \u00faj l\u00e9legeztet\u0151g\u00e9pet juttatniuk civil adom\u00e1nyokb\u00f3l<\/strong>.<\/p>\n\n\n\n<h2 class=\"wp-block-heading\">Kritik\u00e1k is \u00e9rkeznek<\/h2>\n\n\n\n<p>Felmer\u00fcl a k\u00e9rd\u00e9s: <strong>mi\u00e9rt kell civil adom\u00e1nyb\u00f3l finansz\u00edrozni egy ilyen alapvet\u0151 felszerel\u00e9st?<\/strong> A Ment\u0151dolgoz\u00f3k Sz\u00f6vets\u00e9g\u00e9nek eln\u00f6ke, <strong>Lengyel Tibor<\/strong> szerint a v\u00e1lasz nem egyszer\u0171:<\/p>\n\n\n\n<blockquote class=\"wp-block-quote is-layout-flow wp-block-quote-is-layout-flow\">\n<p>\u201eEz nem lenne az Alap\u00edtv\u00e1ny dolga \u2013 ha a rendszer j\u00f3l m\u0171k\u00f6dne, az \u00e1llami k\u00f6lts\u00e9gvet\u00e9sb\u0151l oldan\u00e1k meg.\u201d<\/p>\n<\/blockquote>\n","protected":false},"excerpt":{"rendered":"<p>Az Orsz\u00e1gos Ment\u0151szolg\u00e1lat Alap\u00edtv\u00e1nya adom\u00e1nygy\u0171jt\u00e9sbe kezdett: egy \u00faj, hordozhat\u00f3 l\u00e9legeztet\u0151g\u00e9pre lenne sz\u00fcks\u00e9g\u00fck a bicskei ment\u0151aut\u00f3hoz. Az eszk\u00f6z a r\u00e9gi g\u00e9p hely\u00e9re ker\u00fclne, \u00e9s \u00e9letment\u0151 szerepe lehet a helysz\u00edni ell\u00e1t\u00e1sban.\ud83d\udc49 Aki szeretne csatlakozni a kezdem\u00e9nyez\u00e9shez, az Alap\u00edtv\u00e1ny oldal\u00e1n megteheti. A felh\u00edv\u00e1sban azt \u00edrj\u00e1k: a c\u00e9l egy modernebb, megb\u00edzhat\u00f3bb eszk\u00f6z beszerz\u00e9se \u2013 a most haszn\u00e1lt g\u00e9p m\u00e1r [&hellip;]<\/p>\n","protected":false},"author":2,"featured_media":262,"comment_status":"open","ping_status":"open","sticky":false,"template":"","format":"standard","meta":{"_monsterinsights_skip_tracking":false,"_monsterinsights_sitenote_active":false,"_monsterinsights_sitenote_note":"","_monsterinsights_sitenote_category":0,"tdm_status":"","tdm_grid_status":"","footnotes":""},"categories":[6,17,10,8,9],"tags":[],"class_list":{"0":"post-261","1":"post","2":"type-post","3":"status-publish","4":"format-standard","5":"has-post-thumbnail","7":"category-aktual","8":"category-civil","9":"category-politics","10":"category-life","11":"category-music"},"_links":{"self":[{"href":"https:\/\/fltr.hu\/index.php?rest_route=\/wp\/v2\/posts\/261"}],"collection":[{"href":"https:\/\/fltr.hu\/index.php?rest_route=\/wp\/v2\/posts"}],"about":[{"href":"https:\/\/fltr.hu\/index.php?rest_route=\/wp\/v2\/types\/post"}],"author":[{"embeddable":true,"href":"https:\/\/fltr.hu\/index.php?rest_route=\/wp\/v2\/users\/2"}],"replies":[{"embeddable":true,"href":"https:\/\/fltr.hu\/index.php?rest_route=%2Fwp%2Fv2%2Fcomments&post=261"}],"version-history":[{"count":1,"href":"https:\/\/fltr.hu\/index.php?rest_route=\/wp\/v2\/posts\/261\/revisions"}],"predecessor-version":[{"id":263,"href":"https:\/\/fltr.hu\/index.php?rest_route=\/wp\/v2\/posts\/261\/revisions\/263"}],"wp:featuredmedia":[{"embeddable":true,"href":"https:\/\/fltr.hu\/index.php?rest_route=\/wp\/v2\/media\/262"}],"wp:attachment":[{"href":"https:\/\/fltr.hu\/index.php?rest_route=%2Fwp%2Fv2%2Fmedia&parent=261"}],"wp:term":[{"taxonomy":"category","embeddable":true,"href":"https:\/\/fltr.hu\/index.php?rest_route=%2Fwp%2Fv2%2Fcategories&post=261"},{"taxonomy":"post_tag","embeddable":true,"href":"https:\/\/fltr.hu\/index.php?rest_route=%2Fwp%2Fv2%2Ftags&post=261"}],"curies":[{"name":"wp","href":"https:\/\/api.w.org\/{rel}","templated":true}]}}