{"id":264,"date":"2025-07-01T22:58:36","date_gmt":"2025-07-01T20:58:36","guid":{"rendered":"https:\/\/fltr.hu\/?p=264"},"modified":"2025-08-03T23:01:02","modified_gmt":"2025-08-03T21:01:02","slug":"fordulat-az-alkotmanybirosag-elismerne-a-melegek-kulfoldon-kotott-hazassagat-a-labda-most-a-parlamentnel-pattog","status":"publish","type":"post","link":"https:\/\/fltr.hu\/?p=264","title":{"rendered":"Fordulat? Az Alkotm\u00e1nyb\u00edr\u00f3s\u00e1g elismern\u00e9 a melegek k\u00fclf\u00f6ld\u00f6n k\u00f6t\u00f6tt h\u00e1zass\u00e1g\u00e1t \u2013 a labda most a Parlamentn\u00e9l pattog"},"content":{"rendered":"\n<p><strong>T\u00f6bb sz\u00e1zezer ember vonult v\u00e9gig Budapest utc\u00e1in a h\u00e9tv\u00e9g\u00e9n a Budapest B\u00fcszkes\u00e9g menet\u00e9n<\/strong>, ki\u00e1llva az elfogad\u00e1s, a szeretet \u00e9s az egyenl\u0151 jogok mellett. A felvonul\u00f3k egy\u00e9rtelm\u0171 \u00fczenetet k\u00fcldtek: \u201eA szeretetet nem lehet betiltani.\u201d<\/p>\n\n\n\n<p>\u00c9s lehet, hogy v\u00e9gre <strong>valami val\u00f3ban megmozdult<\/strong>.<\/p>\n\n\n\n<p>A felvonul\u00e1s ut\u00e1ni nap este, <strong>a Magyar K\u00f6zl\u00f6nyben<\/strong> megjelent egy \u00edt\u00e9let, amit az <strong>Alkotm\u00e1nyb\u00edr\u00f3s\u00e1g<\/strong> hozott k\u00e9t azonos nem\u0171 p\u00e1r \u00fcgy\u00e9ben. A p\u00e1rok <strong>k\u00fclf\u00f6ld\u00f6n h\u00e1zasodtak \u00f6ssze<\/strong>, \u00e9s azt szerett\u00e9k volna, hogy ezt itthon is elismerj\u00e9k \u2013 legal\u00e1bb \u00e9lett\u00e1rsi kapcsolatk\u00e9nt.<br>A hat\u00f3s\u00e1gok elutas\u00edtott\u00e1k \u0151ket. Az Alkotm\u00e1nyb\u00edr\u00f3s\u00e1g viszont most <strong>kimondta: ez alapt\u00f6rv\u00e9ny-ellenes.<\/strong><\/p>\n\n\n\n<p><strong>Dombos Tam\u00e1s<\/strong>, a <strong>H\u00e1tt\u00e9r T\u00e1rsas\u00e1g<\/strong> \u00fcgyviv\u0151je szerint <strong>t\u00f6bb sz\u00e1z p\u00e1r<\/strong> van hasonl\u00f3 helyzetben \u2013 \u00e9s ez a d\u00f6nt\u00e9s csak az <strong>els\u0151 l\u00e9p\u00e9s<\/strong>. A korm\u00e1nyt ugyanis <em>\u201enem lehet r\u00e1k\u00e9nyszer\u00edteni\u201d<\/em> a t\u00f6rv\u00e9nyalkot\u00e1sra, \u00e9s <strong>kor\u00e1bban is volt m\u00e1r r\u00e1 p\u00e9lda<\/strong>, hogy nem hajtottak v\u00e9gre b\u00edr\u00f3s\u00e1gi \u00edt\u00e9letet.<\/p>\n\n\n\n<p>K\u00f6zben a t\u00e1rsadalom t\u00f6bbs\u00e9ge is egyre \u00e1rnyaltabban gondolkodik: b\u00e1r <strong>tov\u00e1bbra is t\u00f6bb mint 60 sz\u00e1zal\u00e9k t\u00e1mogatja az azonos nem\u0171ek h\u00e1zass\u00e1g\u00e1t<\/strong>, az ar\u00e1ny <strong>cs\u00f6kken\u0151 tendenci\u00e1t<\/strong> mutat: 2023-ban m\u00e9g 67% volt \u2013 m\u00e1ra ez <strong>61%-ra cs\u00faszott vissza<\/strong> az IPSOS szerint.<\/p>\n","protected":false},"excerpt":{"rendered":"<p>T\u00f6bb sz\u00e1zezer ember vonult v\u00e9gig Budapest utc\u00e1in a h\u00e9tv\u00e9g\u00e9n a Budapest B\u00fcszkes\u00e9g menet\u00e9n, ki\u00e1llva az elfogad\u00e1s, a szeretet \u00e9s az egyenl\u0151 jogok mellett. A felvonul\u00f3k egy\u00e9rtelm\u0171 \u00fczenetet k\u00fcldtek: \u201eA szeretetet nem lehet betiltani.\u201d \u00c9s lehet, hogy v\u00e9gre valami val\u00f3ban megmozdult. A felvonul\u00e1s ut\u00e1ni nap este, a Magyar K\u00f6zl\u00f6nyben megjelent egy \u00edt\u00e9let, amit az Alkotm\u00e1nyb\u00edr\u00f3s\u00e1g hozott [&hellip;]<\/p>\n","protected":false},"author":2,"featured_media":265,"comment_status":"open","ping_status":"open","sticky":false,"template":"","format":"standard","meta":{"_monsterinsights_skip_tracking":false,"_monsterinsights_sitenote_active":false,"_monsterinsights_sitenote_note":"","_monsterinsights_sitenote_category":0,"tdm_status":"","tdm_grid_status":"","footnotes":""},"categories":[6,10,8,9],"tags":[],"class_list":{"0":"post-264","1":"post","2":"type-post","3":"status-publish","4":"format-standard","5":"has-post-thumbnail","7":"category-aktual","8":"category-politics","9":"category-life","10":"category-music"},"_links":{"self":[{"href":"https:\/\/fltr.hu\/index.php?rest_route=\/wp\/v2\/posts\/264"}],"collection":[{"href":"https:\/\/fltr.hu\/index.php?rest_route=\/wp\/v2\/posts"}],"about":[{"href":"https:\/\/fltr.hu\/index.php?rest_route=\/wp\/v2\/types\/post"}],"author":[{"embeddable":true,"href":"https:\/\/fltr.hu\/index.php?rest_route=\/wp\/v2\/users\/2"}],"replies":[{"embeddable":true,"href":"https:\/\/fltr.hu\/index.php?rest_route=%2Fwp%2Fv2%2Fcomments&post=264"}],"version-history":[{"count":1,"href":"https:\/\/fltr.hu\/index.php?rest_route=\/wp\/v2\/posts\/264\/revisions"}],"predecessor-version":[{"id":266,"href":"https:\/\/fltr.hu\/index.php?rest_route=\/wp\/v2\/posts\/264\/revisions\/266"}],"wp:featuredmedia":[{"embeddable":true,"href":"https:\/\/fltr.hu\/index.php?rest_route=\/wp\/v2\/media\/265"}],"wp:attachment":[{"href":"https:\/\/fltr.hu\/index.php?rest_route=%2Fwp%2Fv2%2Fmedia&parent=264"}],"wp:term":[{"taxonomy":"category","embeddable":true,"href":"https:\/\/fltr.hu\/index.php?rest_route=%2Fwp%2Fv2%2Fcategories&post=264"},{"taxonomy":"post_tag","embeddable":true,"href":"https:\/\/fltr.hu\/index.php?rest_route=%2Fwp%2Fv2%2Ftags&post=264"}],"curies":[{"name":"wp","href":"https:\/\/api.w.org\/{rel}","templated":true}]}}