{"id":267,"date":"2025-06-10T23:05:07","date_gmt":"2025-06-10T21:05:07","guid":{"rendered":"https:\/\/fltr.hu\/?p=267"},"modified":"2025-08-03T23:09:09","modified_gmt":"2025-08-03T21:09:09","slug":"polgari-ellenallas-a-kossuth-teren-puzser-tuntetest-hirdetett-az-ellehetetlenitesi-torveny-ellen","status":"publish","type":"post","link":"https:\/\/fltr.hu\/?p=267","title":{"rendered":"Polg\u00e1ri Ellen\u00e1ll\u00e1s a Kossuth t\u00e9ren: Puzs\u00e9r tartott t\u00fcntet\u00e9st az ellehetetlen\u00edt\u00e9si t\u00f6rv\u00e9ny ellen"},"content":{"rendered":"\n<p>T\u00f6bb ezren t\u00fcntettek a Kossuth t\u00e9ren az \u00fagynevezett <em>\u00e1tl\u00e1that\u00f3s\u00e1gi t\u00f6rv\u00e9ny<\/em> ellen. A demonstr\u00e1ci\u00f3t <strong>Puzs\u00e9r R\u00f3bert<\/strong> szervezte, aki szerint ez a t\u00f6rv\u00e9ny <em>\u201eaz utols\u00f3 sz\u00f6g lehet a f\u00fcggetlen nyilv\u00e1noss\u00e1g kopors\u00f3j\u00e1ban\u201d<\/em>.<\/p>\n\n\n\n<p>B\u00e1r a korm\u00e1ny v\u00e9g\u00fcl elhalasztotta a szavaz\u00e1st, a t\u00fcntet\u00e9st m\u00e9gis megtartott\u00e1k, hogy vil\u00e1gos \u00fczenetet k\u00fcldjenek: nem hagyj\u00e1k sz\u00f3 n\u00e9lk\u00fcl a civilek \u00e9s a sajt\u00f3 ellehetetlen\u00edt\u00e9s\u00e9t. A felsz\u00f3lal\u00f3k k\u00f6z\u00f6tt volt <strong>\u00c1cs D\u00e1niel<\/strong> (444), <strong>Hadh\u00e1zy \u00c1kos<\/strong>, valamint jogv\u00e9d\u0151k \u00e9s aktivist\u00e1k is. A k\u00f6z\u00f6s \u00fczenet: <strong>a korm\u00e1ny h\u00fazza vissza a javaslatot, ne csak id\u0151t nyerjen<\/strong>.<\/p>\n\n\n\n<p>A demonstr\u00e1ci\u00f3 v\u00e9g\u00e9n Puzs\u00e9r azt mondta: ez nem egyszeri akci\u00f3 volt, hanem <strong>egy hosszabb ellen\u00e1ll\u00e1s kezdete<\/strong>. Folytat\u00e1st \u00edg\u00e9rnek. <\/p>\n","protected":false},"excerpt":{"rendered":"<p>T\u00f6bb ezren t\u00fcntettek a Kossuth t\u00e9ren az \u00fagynevezett \u00e1tl\u00e1that\u00f3s\u00e1gi t\u00f6rv\u00e9ny ellen. A demonstr\u00e1ci\u00f3t Puzs\u00e9r R\u00f3bert szervezte, aki szerint ez a t\u00f6rv\u00e9ny \u201eaz utols\u00f3 sz\u00f6g lehet a f\u00fcggetlen nyilv\u00e1noss\u00e1g kopors\u00f3j\u00e1ban\u201d. B\u00e1r a korm\u00e1ny v\u00e9g\u00fcl elhalasztotta a szavaz\u00e1st, a t\u00fcntet\u00e9st m\u00e9gis megtartott\u00e1k, hogy vil\u00e1gos \u00fczenetet k\u00fcldjenek: nem hagyj\u00e1k sz\u00f3 n\u00e9lk\u00fcl a civilek \u00e9s a sajt\u00f3 ellehetetlen\u00edt\u00e9s\u00e9t. A [&hellip;]<\/p>\n","protected":false},"author":1,"featured_media":268,"comment_status":"open","ping_status":"open","sticky":false,"template":"","format":"standard","meta":{"_monsterinsights_skip_tracking":false,"_monsterinsights_sitenote_active":false,"_monsterinsights_sitenote_note":"","_monsterinsights_sitenote_category":0,"tdm_status":"","tdm_grid_status":"","footnotes":""},"categories":[6,17,10,7],"tags":[],"class_list":{"0":"post-267","1":"post","2":"type-post","3":"status-publish","4":"format-standard","5":"has-post-thumbnail","7":"category-aktual","8":"category-civil","9":"category-politics","10":"category-electro"},"_links":{"self":[{"href":"https:\/\/fltr.hu\/index.php?rest_route=\/wp\/v2\/posts\/267"}],"collection":[{"href":"https:\/\/fltr.hu\/index.php?rest_route=\/wp\/v2\/posts"}],"about":[{"href":"https:\/\/fltr.hu\/index.php?rest_route=\/wp\/v2\/types\/post"}],"author":[{"embeddable":true,"href":"https:\/\/fltr.hu\/index.php?rest_route=\/wp\/v2\/users\/1"}],"replies":[{"embeddable":true,"href":"https:\/\/fltr.hu\/index.php?rest_route=%2Fwp%2Fv2%2Fcomments&post=267"}],"version-history":[{"count":2,"href":"https:\/\/fltr.hu\/index.php?rest_route=\/wp\/v2\/posts\/267\/revisions"}],"predecessor-version":[{"id":270,"href":"https:\/\/fltr.hu\/index.php?rest_route=\/wp\/v2\/posts\/267\/revisions\/270"}],"wp:featuredmedia":[{"embeddable":true,"href":"https:\/\/fltr.hu\/index.php?rest_route=\/wp\/v2\/media\/268"}],"wp:attachment":[{"href":"https:\/\/fltr.hu\/index.php?rest_route=%2Fwp%2Fv2%2Fmedia&parent=267"}],"wp:term":[{"taxonomy":"category","embeddable":true,"href":"https:\/\/fltr.hu\/index.php?rest_route=%2Fwp%2Fv2%2Fcategories&post=267"},{"taxonomy":"post_tag","embeddable":true,"href":"https:\/\/fltr.hu\/index.php?rest_route=%2Fwp%2Fv2%2Ftags&post=267"}],"curies":[{"name":"wp","href":"https:\/\/api.w.org\/{rel}","templated":true}]}}