{"id":271,"date":"2025-07-25T23:34:13","date_gmt":"2025-07-25T21:34:13","guid":{"rendered":"https:\/\/fltr.hu\/?p=271"},"modified":"2025-08-03T23:37:08","modified_gmt":"2025-08-03T21:37:08","slug":"nyomkovetot-a-tuntetokre-uj-rendelet-szabhat-gatat-a-tiltakozasnak","status":"publish","type":"post","link":"https:\/\/fltr.hu\/?p=271","title":{"rendered":"Nyomk\u00f6vet\u0151t a t\u00fcntet\u0151kre? \u00daj rendelet szabhat g\u00e1tat a tiltakoz\u00e1snak"},"content":{"rendered":"\n<p>Friss korm\u00e1nyrendelet alapj\u00e1n a rend\u0151rs\u00e9g ak\u00e1r <strong>nyomk\u00f6vet\u0151t is alkalmazhat<\/strong> azokkal szemben, akik \u201emegzavarj\u00e1k\u201d egy k\u00fclf\u00f6ldi deleg\u00e1ci\u00f3 magyarorsz\u00e1gi programj\u00e1t. A szab\u00e1lyoz\u00e1s k\u00fcl\u00f6n\u00f6sen aktu\u00e1liss\u00e1 v\u00e1lt a k\u00ednai parlament eln\u00f6k\u00e9nek budapesti l\u00e1togat\u00e1sa ut\u00e1n, ahol hossz\u00fa konvoj k\u00eds\u00e9rte v\u00e9gig a f\u0151v\u00e1roson.<\/p>\n\n\n\n<p>A gond csak az, hogy <strong>a rendelet nem hat\u00e1rozza meg pontosan, mi sz\u00e1m\u00edt zavar\u00e1snak<\/strong>. \u00cdgy a TASZ jog\u00e1sza szerint \u201eteljesen \u00f6nk\u00e9nyes\u201d d\u00f6nt\u00e9sek sz\u00fclethetnek: <strong>b\u00e1rki ellen alkalmazhat\u00f3, akire a rend\u0151rs\u00e9g \u201er\u00e1mutat\u201d<\/strong> \u2013 akkor is, ha kor\u00e1bban jogszer\u0171en t\u00fcntetett.<\/p>\n\n\n\n<p><strong>A Momentum frakci\u00f3vezet\u0151-helyettese, Tompos M\u00e1rton<\/strong> bejelentette: figyelmen k\u00edv\u00fcl hagyj\u00e1k a szab\u00e1lyoz\u00e1st, tov\u00e1bbra is ki fognak menni tiltakozni. Szerinte a rendelet alkotm\u00e1nyellenes, \u00e9s <em>\u201egumiszab\u00e1ly\u201d, amit id\u0151nk\u00e9nt bevetnek, id\u0151nk\u00e9nt nem\u201d<\/em>.<\/p>\n\n\n\n<p>A Filter k\u00e9rd\u00e9seire a rend\u0151rs\u00e9g nem adott konkr\u00e9t v\u00e1laszt \u2013 csak annyit k\u00f6z\u00f6ltek, hogy <strong>a jogszab\u00e1lyok \u00e9rtelmez\u00e9se nem az \u0151 hat\u00e1sk\u00f6r\u00fck<\/strong>.<\/p>\n","protected":false},"excerpt":{"rendered":"<p>Friss korm\u00e1nyrendelet alapj\u00e1n a rend\u0151rs\u00e9g ak\u00e1r nyomk\u00f6vet\u0151t is alkalmazhat azokkal szemben, akik \u201emegzavarj\u00e1k\u201d egy k\u00fclf\u00f6ldi deleg\u00e1ci\u00f3 magyarorsz\u00e1gi programj\u00e1t. A szab\u00e1lyoz\u00e1s k\u00fcl\u00f6n\u00f6sen aktu\u00e1liss\u00e1 v\u00e1lt a k\u00ednai parlament eln\u00f6k\u00e9nek budapesti l\u00e1togat\u00e1sa ut\u00e1n, ahol hossz\u00fa konvoj k\u00eds\u00e9rte v\u00e9gig a f\u0151v\u00e1roson. A gond csak az, hogy a rendelet nem hat\u00e1rozza meg pontosan, mi sz\u00e1m\u00edt zavar\u00e1snak. \u00cdgy a TASZ jog\u00e1sza [&hellip;]<\/p>\n","protected":false},"author":1,"featured_media":272,"comment_status":"open","ping_status":"open","sticky":false,"template":"","format":"standard","meta":{"_monsterinsights_skip_tracking":false,"_monsterinsights_sitenote_active":false,"_monsterinsights_sitenote_note":"","_monsterinsights_sitenote_category":0,"tdm_status":"","tdm_grid_status":"","footnotes":""},"categories":[6,17,10,7],"tags":[],"class_list":{"0":"post-271","1":"post","2":"type-post","3":"status-publish","4":"format-standard","5":"has-post-thumbnail","7":"category-aktual","8":"category-civil","9":"category-politics","10":"category-electro"},"_links":{"self":[{"href":"https:\/\/fltr.hu\/index.php?rest_route=\/wp\/v2\/posts\/271"}],"collection":[{"href":"https:\/\/fltr.hu\/index.php?rest_route=\/wp\/v2\/posts"}],"about":[{"href":"https:\/\/fltr.hu\/index.php?rest_route=\/wp\/v2\/types\/post"}],"author":[{"embeddable":true,"href":"https:\/\/fltr.hu\/index.php?rest_route=\/wp\/v2\/users\/1"}],"replies":[{"embeddable":true,"href":"https:\/\/fltr.hu\/index.php?rest_route=%2Fwp%2Fv2%2Fcomments&post=271"}],"version-history":[{"count":1,"href":"https:\/\/fltr.hu\/index.php?rest_route=\/wp\/v2\/posts\/271\/revisions"}],"predecessor-version":[{"id":273,"href":"https:\/\/fltr.hu\/index.php?rest_route=\/wp\/v2\/posts\/271\/revisions\/273"}],"wp:featuredmedia":[{"embeddable":true,"href":"https:\/\/fltr.hu\/index.php?rest_route=\/wp\/v2\/media\/272"}],"wp:attachment":[{"href":"https:\/\/fltr.hu\/index.php?rest_route=%2Fwp%2Fv2%2Fmedia&parent=271"}],"wp:term":[{"taxonomy":"category","embeddable":true,"href":"https:\/\/fltr.hu\/index.php?rest_route=%2Fwp%2Fv2%2Fcategories&post=271"},{"taxonomy":"post_tag","embeddable":true,"href":"https:\/\/fltr.hu\/index.php?rest_route=%2Fwp%2Fv2%2Ftags&post=271"}],"curies":[{"name":"wp","href":"https:\/\/api.w.org\/{rel}","templated":true}]}}