{"id":274,"date":"2025-05-16T23:41:38","date_gmt":"2025-05-16T21:41:38","guid":{"rendered":"https:\/\/fltr.hu\/?p=274"},"modified":"2025-08-03T23:44:48","modified_gmt":"2025-08-03T21:44:48","slug":"kozos-civil-kiallasra-hiv-az-ahang-a-megtamadott-szerkesztosegek-mellett","status":"publish","type":"post","link":"https:\/\/fltr.hu\/?p=274","title":{"rendered":"K\u00f6z\u00f6s, civil ki\u00e1ll\u00e1sra h\u00edv az aHang a megt\u00e1madott szerkeszt\u0151s\u00e9gek mellett"},"content":{"rendered":"\n<p>T\u00f6bb mint <strong>200 szerkeszt\u0151s\u00e9g, civil szervezet \u00e9s k\u00f6z\u00f6ss\u00e9gi szerepl\u0151<\/strong> fogott \u00f6ssze az elm\u00falt napokban, hogy k\u00f6z\u00f6sen mondj\u00e1k ki: <strong>el\u00e9g<\/strong>. El\u00e9g a megf\u00e9leml\u00edt\u00e9sb\u0151l, az ellehetetlen\u00edt\u00e9sb\u0151l, a szabads\u00e1g kiszor\u00edt\u00e1s\u00e1b\u00f3l.<br>A kezdem\u00e9nyez\u00e9s \u00e9l\u00e9re az <strong>aHang<\/strong> \u00e1llt \u2013 \u00e9s most <strong>t\u00e9ged is arra k\u00e9rnek: \u00e1llj ki vel\u00fck!<\/strong><\/p>\n\n\n\n<p>A sz\u00f6vets\u00e9ghez m\u00e1r olyan nevek csatlakoztak, mint a <strong>Telex, Partiz\u00e1n, 444, TASZ, CKA, Amnesty International<\/strong> \u00e9s m\u00e9g sokan m\u00e1sok. A c\u00e9l egyszer\u0171: <strong>nem h\u00e1tr\u00e1lunk meg. Nem adjuk fel. Folytatjuk a munk\u00e1t.<\/strong><\/p>\n\n\n\n<blockquote class=\"wp-block-quote is-layout-flow wp-block-quote-is-layout-flow\">\n<p>\u201eSenki sem tudhatja, mi j\u00f6n a k\u00f6vetkez\u0151 h\u00f3napokban \u2013 de azt tudjuk, hogy egy\u00fctt hangosabbak vagyunk.\u201d<\/p>\n<\/blockquote>\n\n\n\n<p>Itt tudod al\u00e1\u00edrni: <\/p>\n\n\n\n<p><a href=\"https:\/\/szabad.ahang.hu\/petitions\/tiltakozunk-a-civil-tarsadalom-es-fuggetlen-sajto-felszamolasa-ellen\">https:\/\/szabad.ahang.hu\/petitions\/tiltakozunk-a-civil-tarsadalom-es-fuggetlen-sajto-felszamolasa-ellen<\/a><\/p>\n\n\n\n<p><\/p>\n","protected":false},"excerpt":{"rendered":"<p>T\u00f6bb mint 200 szerkeszt\u0151s\u00e9g, civil szervezet \u00e9s k\u00f6z\u00f6ss\u00e9gi szerepl\u0151 fogott \u00f6ssze az elm\u00falt napokban, hogy k\u00f6z\u00f6sen mondj\u00e1k ki: el\u00e9g. El\u00e9g a megf\u00e9leml\u00edt\u00e9sb\u0151l, az ellehetetlen\u00edt\u00e9sb\u0151l, a szabads\u00e1g kiszor\u00edt\u00e1s\u00e1b\u00f3l.A kezdem\u00e9nyez\u00e9s \u00e9l\u00e9re az aHang \u00e1llt \u2013 \u00e9s most t\u00e9ged is arra k\u00e9rnek: \u00e1llj ki vel\u00fck! A sz\u00f6vets\u00e9ghez m\u00e1r olyan nevek csatlakoztak, mint a Telex, Partiz\u00e1n, 444, TASZ, CKA, [&hellip;]<\/p>\n","protected":false},"author":2,"featured_media":275,"comment_status":"open","ping_status":"open","sticky":false,"template":"","format":"standard","meta":{"_monsterinsights_skip_tracking":false,"_monsterinsights_sitenote_active":false,"_monsterinsights_sitenote_note":"","_monsterinsights_sitenote_category":0,"tdm_status":"","tdm_grid_status":"","footnotes":""},"categories":[5,6,17,10,8,9],"tags":[],"class_list":{"0":"post-274","1":"post","2":"type-post","3":"status-publish","4":"format-standard","5":"has-post-thumbnail","7":"category-featured","8":"category-aktual","9":"category-civil","10":"category-politics","11":"category-life","12":"category-music"},"_links":{"self":[{"href":"https:\/\/fltr.hu\/index.php?rest_route=\/wp\/v2\/posts\/274"}],"collection":[{"href":"https:\/\/fltr.hu\/index.php?rest_route=\/wp\/v2\/posts"}],"about":[{"href":"https:\/\/fltr.hu\/index.php?rest_route=\/wp\/v2\/types\/post"}],"author":[{"embeddable":true,"href":"https:\/\/fltr.hu\/index.php?rest_route=\/wp\/v2\/users\/2"}],"replies":[{"embeddable":true,"href":"https:\/\/fltr.hu\/index.php?rest_route=%2Fwp%2Fv2%2Fcomments&post=274"}],"version-history":[{"count":1,"href":"https:\/\/fltr.hu\/index.php?rest_route=\/wp\/v2\/posts\/274\/revisions"}],"predecessor-version":[{"id":276,"href":"https:\/\/fltr.hu\/index.php?rest_route=\/wp\/v2\/posts\/274\/revisions\/276"}],"wp:featuredmedia":[{"embeddable":true,"href":"https:\/\/fltr.hu\/index.php?rest_route=\/wp\/v2\/media\/275"}],"wp:attachment":[{"href":"https:\/\/fltr.hu\/index.php?rest_route=%2Fwp%2Fv2%2Fmedia&parent=274"}],"wp:term":[{"taxonomy":"category","embeddable":true,"href":"https:\/\/fltr.hu\/index.php?rest_route=%2Fwp%2Fv2%2Fcategories&post=274"},{"taxonomy":"post_tag","embeddable":true,"href":"https:\/\/fltr.hu\/index.php?rest_route=%2Fwp%2Fv2%2Ftags&post=274"}],"curies":[{"name":"wp","href":"https:\/\/api.w.org\/{rel}","templated":true}]}}