{"id":277,"date":"2025-05-15T23:47:09","date_gmt":"2025-05-15T21:47:09","guid":{"rendered":"https:\/\/fltr.hu\/?p=277"},"modified":"2025-08-03T23:49:46","modified_gmt":"2025-08-03T21:49:46","slug":"17-eve-valtozatlan-a-csaladi-potlek-most-ujra-lenduletet-kapott-a-koveteles","status":"publish","type":"post","link":"https:\/\/fltr.hu\/?p=277","title":{"rendered":"17 \u00e9ve v\u00e1ltozatlan a csal\u00e1di p\u00f3tl\u00e9k \u2013 most \u00fajra lend\u00fcletet kapott a k\u00f6vetel\u00e9s"},"content":{"rendered":"\n<p><strong>2008 \u00f3ta egy forinttal sem emelkedett a csal\u00e1di p\u00f3tl\u00e9k \u00f6sszege.<\/strong> Ez id\u0151 alatt feln\u0151tt egy eg\u00e9sz gener\u00e1ci\u00f3, az \u00e1rak pedig elsz\u00e1lltak \u2013 a t\u00e1mogat\u00e1s viszont maradt ott, ahol volt. A csal\u00e1dok t\u00f6bbs\u00e9ge ma tartal\u00e9kok n\u00e9lk\u00fcl \u00e9l h\u00f3napr\u00f3l h\u00f3napra, mik\u00f6zben minden fill\u00e9r sz\u00e1m\u00edt. A csal\u00e1d nemzetk\u00f6zi napj\u00e1n az aHang arra eml\u00e9keztet: ne csak sz\u00f3ban legyen fontos a csal\u00e1d, hanem tettekben is.<\/p>\n\n\n\n<p>A civil szervezet most \u00faj lend\u00fclettel ind\u00edtja \u00fajra kamp\u00e1ny\u00e1t, amelyben azt k\u00f6vetelik, hogy a csal\u00e1di p\u00f3tl\u00e9k legal\u00e1bb dupl\u00e1z\u00f3djon meg, \u00e9s legyen \u00e9rt\u00e9k\u00e1ll\u00f3, vagyis k\u00f6vesse az infl\u00e1ci\u00f3t. Az al\u00e1\u00edr\u00e1sgy\u0171jt\u00e9s orsz\u00e1gszerte zajlik: Budapesten, Szegeden, Ny\u00edregyh\u00e1z\u00e1n, Miskolcon \u00e9s B\u00e9k\u00e9scsab\u00e1n is kitelep\u00fclnek a pultokkal. M\u00e1r t\u00f6bb mint 68 ezer ember csatlakozott \u2013 a c\u00e9l a 100\u202f000 t\u00e1mogat\u00e1s el\u00e9r\u00e9se.<\/p>\n\n\n\n<p>Ha van gyermeked, unok\u00e1d, unokah\u00fagod vagy -\u00f6cs\u00e9d, vagy egyszer\u0171en csak hiszel abban, hogy minden gyereknek j\u00e1r az es\u00e9ly egy m\u00e9lt\u00f3bb \u00e9letre, akkor ez a te \u00fcgyed is. Itt csatlakozhatsz: <a>ahang.hu\/csaladipotlek<\/a><\/p>\n","protected":false},"excerpt":{"rendered":"<p>2008 \u00f3ta egy forinttal sem emelkedett a csal\u00e1di p\u00f3tl\u00e9k \u00f6sszege. Ez id\u0151 alatt feln\u0151tt egy eg\u00e9sz gener\u00e1ci\u00f3, az \u00e1rak pedig elsz\u00e1lltak \u2013 a t\u00e1mogat\u00e1s viszont maradt ott, ahol volt. A csal\u00e1dok t\u00f6bbs\u00e9ge ma tartal\u00e9kok n\u00e9lk\u00fcl \u00e9l h\u00f3napr\u00f3l h\u00f3napra, mik\u00f6zben minden fill\u00e9r sz\u00e1m\u00edt. A csal\u00e1d nemzetk\u00f6zi napj\u00e1n az aHang arra eml\u00e9keztet: ne csak sz\u00f3ban legyen fontos [&hellip;]<\/p>\n","protected":false},"author":1,"featured_media":278,"comment_status":"open","ping_status":"open","sticky":false,"template":"","format":"standard","meta":{"_monsterinsights_skip_tracking":false,"_monsterinsights_sitenote_active":false,"_monsterinsights_sitenote_note":"","_monsterinsights_sitenote_category":0,"tdm_status":"","tdm_grid_status":"","footnotes":""},"categories":[5,6,17,10,7,8,9],"tags":[],"class_list":{"0":"post-277","1":"post","2":"type-post","3":"status-publish","4":"format-standard","5":"has-post-thumbnail","7":"category-featured","8":"category-aktual","9":"category-civil","10":"category-politics","11":"category-electro","12":"category-life","13":"category-music"},"_links":{"self":[{"href":"https:\/\/fltr.hu\/index.php?rest_route=\/wp\/v2\/posts\/277"}],"collection":[{"href":"https:\/\/fltr.hu\/index.php?rest_route=\/wp\/v2\/posts"}],"about":[{"href":"https:\/\/fltr.hu\/index.php?rest_route=\/wp\/v2\/types\/post"}],"author":[{"embeddable":true,"href":"https:\/\/fltr.hu\/index.php?rest_route=\/wp\/v2\/users\/1"}],"replies":[{"embeddable":true,"href":"https:\/\/fltr.hu\/index.php?rest_route=%2Fwp%2Fv2%2Fcomments&post=277"}],"version-history":[{"count":1,"href":"https:\/\/fltr.hu\/index.php?rest_route=\/wp\/v2\/posts\/277\/revisions"}],"predecessor-version":[{"id":279,"href":"https:\/\/fltr.hu\/index.php?rest_route=\/wp\/v2\/posts\/277\/revisions\/279"}],"wp:featuredmedia":[{"embeddable":true,"href":"https:\/\/fltr.hu\/index.php?rest_route=\/wp\/v2\/media\/278"}],"wp:attachment":[{"href":"https:\/\/fltr.hu\/index.php?rest_route=%2Fwp%2Fv2%2Fmedia&parent=277"}],"wp:term":[{"taxonomy":"category","embeddable":true,"href":"https:\/\/fltr.hu\/index.php?rest_route=%2Fwp%2Fv2%2Fcategories&post=277"},{"taxonomy":"post_tag","embeddable":true,"href":"https:\/\/fltr.hu\/index.php?rest_route=%2Fwp%2Fv2%2Ftags&post=277"}],"curies":[{"name":"wp","href":"https:\/\/api.w.org\/{rel}","templated":true}]}}