{"id":314,"date":"2025-07-13T15:11:12","date_gmt":"2025-07-13T13:11:12","guid":{"rendered":"https:\/\/fltr.hu\/?p=314"},"modified":"2026-04-12T15:31:57","modified_gmt":"2026-04-12T13:31:57","slug":"eljaras-indult-pankotai-lili-ellen-egy-kiragadott-mondat-miatt","status":"publish","type":"post","link":"https:\/\/fltr.hu\/?p=314","title":{"rendered":"Elj\u00e1r\u00e1s indult Pankotai Lili ellen \u2013 egy kiragadott mondat miatt?"},"content":{"rendered":"\n<p>Internetes agresszi\u00f3 gyan\u00faj\u00e1val ind\u00edtott nyomoz\u00e1st a rend\u0151rs\u00e9g Pankotai Lili ellen. Ha b\u0171n\u00f6snek tal\u00e1lj\u00e1k, ak\u00e1r egy \u00e9v szabads\u00e1gveszt\u00e9st is kaphat \u2013 az \u00fcgy h\u00e1tter\u00e9ben pedig egy nyilv\u00e1nos esem\u00e9nyen elhangzott, sokat vitatott mondata \u00e1ll.<\/p>\n\n\n\n<p>A feljelent\u00e9st Budai Gyula tette, miut\u00e1n egy \u2013 szerinte \u2013 probl\u00e9m\u00e1s kijelent\u00e9s ker\u00fclt nyilv\u00e1noss\u00e1gra. A k\u00f6z\u00f6ss\u00e9gi m\u00e9di\u00e1ban terjed\u0151, kiv\u00e1gott vide\u00f3r\u00e9szletben az aktivista arr\u00f3l besz\u00e9l, hogy nem el\u00e9g lev\u00e1ltani Orb\u00e1n Viktor, hanem \u201eel kell puszt\u00edtani\u201d, hogy ne t\u00e9rhessen vissza.&nbsp;<\/p>\n\n\n\n<p>Pankotai szerint azonban a mondatot kiragadt\u00e1k a kontextus\u00e1b\u00f3l. Azt mondja, kiz\u00e1r\u00f3lag politikai \u00e9rtelemben besz\u00e9lt arr\u00f3l, hogy a minisztereln\u00f6knek teljesen el kell t\u0171nnie a k\u00f6z\u00e9letb\u0151l, nem pedig szem\u00e9lyes \u00e9rtelemben.&nbsp;<\/p>\n\n\n\n<iframe scrolling=\"no\" style=\"border-radius: 10px;\" id=\"hearthis_at_track_14113573\" width=\"100%\" height=\"150\" src=\"https:\/\/app.hearthis.at\/embed\/14113573\/transparent_black\/?hcolor=&#038;color=&#038;style=2&#038;block_size=2&#038;block_space=1&#038;background=1&#038;waveform=0&#038;cover=0&#038;autoplay=0&#038;css=\" frameborder=\"0\" allowtransparency allow=\"autoplay\"><p>Listen to <a href=\"https:\/\/hearthis.at\/radiox\/fltr-minicast-1\/\" target=\"_blank\" rel=\"noopener\">FLTR &#8211; MiniCast &#8211; #1<\/a> <span>by<\/span><a href=\"https:\/\/hearthis.at\/radiox\/\" target=\"_blank\" rel=\"noopener\">R\u00e1di\u00f3 X | X Arch\u00edvum | radiox.hu<\/a> <span>on<\/span> <a href=\"https:\/\/hearthis.at\/\" target=\"_blank\" rel=\"noopener\">hearthis.at<\/a><\/p><\/iframe>\n\n\n\n<figure class=\"wp-block-image size-large\"><img fetchpriority=\"high\" decoding=\"async\" width=\"1024\" height=\"114\" src=\"https:\/\/fltr.hu\/wp-content\/uploads\/2025\/08\/KEP_logok_nyujtott-1-1024x114.png\" alt=\"\" class=\"wp-image-283\" srcset=\"https:\/\/fltr.hu\/wp-content\/uploads\/2025\/08\/KEP_logok_nyujtott-1-1024x114.png 1024w, https:\/\/fltr.hu\/wp-content\/uploads\/2025\/08\/KEP_logok_nyujtott-1-300x33.png 300w, https:\/\/fltr.hu\/wp-content\/uploads\/2025\/08\/KEP_logok_nyujtott-1-768x85.png 768w, https:\/\/fltr.hu\/wp-content\/uploads\/2025\/08\/KEP_logok_nyujtott-1-1536x171.png 1536w, https:\/\/fltr.hu\/wp-content\/uploads\/2025\/08\/KEP_logok_nyujtott-1-696x77.png 696w, https:\/\/fltr.hu\/wp-content\/uploads\/2025\/08\/KEP_logok_nyujtott-1-1068x119.png 1068w, https:\/\/fltr.hu\/wp-content\/uploads\/2025\/08\/KEP_logok_nyujtott-1.png 1871w\" sizes=\"(max-width: 1024px) 100vw, 1024px\" \/><\/figure>\n","protected":false},"excerpt":{"rendered":"<p>Internetes agresszi\u00f3 gyan\u00faj\u00e1val ind\u00edtott nyomoz\u00e1st a rend\u0151rs\u00e9g Pankotai Lili ellen. Ha b\u0171n\u00f6snek tal\u00e1lj\u00e1k, ak\u00e1r egy \u00e9v szabads\u00e1gveszt\u00e9st is kaphat \u2013 az \u00fcgy h\u00e1tter\u00e9ben pedig egy nyilv\u00e1nos esem\u00e9nyen elhangzott, sokat vitatott mondata \u00e1ll. A feljelent\u00e9st Budai Gyula tette, miut\u00e1n egy \u2013 szerinte \u2013 probl\u00e9m\u00e1s kijelent\u00e9s ker\u00fclt nyilv\u00e1noss\u00e1gra. A k\u00f6z\u00f6ss\u00e9gi m\u00e9di\u00e1ban terjed\u0151, kiv\u00e1gott vide\u00f3r\u00e9szletben az aktivista arr\u00f3l [&hellip;]<\/p>\n","protected":false},"author":2,"featured_media":0,"comment_status":"open","ping_status":"open","sticky":false,"template":"","format":"standard","meta":{"_monsterinsights_skip_tracking":false,"_monsterinsights_sitenote_active":false,"_monsterinsights_sitenote_note":"","_monsterinsights_sitenote_category":0,"tdm_status":"","tdm_grid_status":"","footnotes":""},"categories":[1],"tags":[],"class_list":{"0":"post-314","1":"post","2":"type-post","3":"status-publish","4":"format-standard","6":"category-egyeb"},"_links":{"self":[{"href":"https:\/\/fltr.hu\/index.php?rest_route=\/wp\/v2\/posts\/314"}],"collection":[{"href":"https:\/\/fltr.hu\/index.php?rest_route=\/wp\/v2\/posts"}],"about":[{"href":"https:\/\/fltr.hu\/index.php?rest_route=\/wp\/v2\/types\/post"}],"author":[{"embeddable":true,"href":"https:\/\/fltr.hu\/index.php?rest_route=\/wp\/v2\/users\/2"}],"replies":[{"embeddable":true,"href":"https:\/\/fltr.hu\/index.php?rest_route=%2Fwp%2Fv2%2Fcomments&post=314"}],"version-history":[{"count":2,"href":"https:\/\/fltr.hu\/index.php?rest_route=\/wp\/v2\/posts\/314\/revisions"}],"predecessor-version":[{"id":316,"href":"https:\/\/fltr.hu\/index.php?rest_route=\/wp\/v2\/posts\/314\/revisions\/316"}],"wp:attachment":[{"href":"https:\/\/fltr.hu\/index.php?rest_route=%2Fwp%2Fv2%2Fmedia&parent=314"}],"wp:term":[{"taxonomy":"category","embeddable":true,"href":"https:\/\/fltr.hu\/index.php?rest_route=%2Fwp%2Fv2%2Fcategories&post=314"},{"taxonomy":"post_tag","embeddable":true,"href":"https:\/\/fltr.hu\/index.php?rest_route=%2Fwp%2Fv2%2Ftags&post=314"}],"curies":[{"name":"wp","href":"https:\/\/api.w.org\/{rel}","templated":true}]}}