{"id":322,"date":"2025-09-07T00:53:02","date_gmt":"2025-09-06T22:53:02","guid":{"rendered":"https:\/\/fltr.hu\/?p=322"},"modified":"2026-04-16T00:54:30","modified_gmt":"2026-04-15T22:54:30","slug":"tamadas-utan-is-segitenek-civilek-munkacson","status":"publish","type":"post","link":"https:\/\/fltr.hu\/?p=322","title":{"rendered":"T\u00e1mad\u00e1s ut\u00e1n is seg\u00edtenek \u2013 civilek Munk\u00e1cson"},"content":{"rendered":"\n<p>Orosz tal\u00e1lat \u00e9rte az ukrajnai Munk\u00e1csot, a magyar hat\u00e1r k\u00f6zel\u00e9ben. A Filter MiniCast \u00faj epiz\u00f3dj\u00e1ban arr\u00f3l mes\u00e9lnek, hogyan reag\u00e1ltak a helyiek \u00e9s a civil seg\u00edt\u0151k a t\u00e1mad\u00e1s ut\u00e1n.<\/p>\n\n\n\n<p>A helysz\u00ednre \u00e9rkez\u0151 seg\u00e9lyszervezetek f\u0151k\u00e9nt orvosi eszk\u00f6z\u00f6ket vittek, mik\u00f6zben a v\u00e1rosban furcsa kett\u0151ss\u00e9g uralkodik: a mindennapi \u00e9let megy tov\u00e1bb, de a biztons\u00e1g\u00e9rzet megingott.<\/p>\n\n\n\n<p>\ud83c\udfa7 A besz\u00e9lget\u00e9sb\u0151l kider\u00fcl, mire van most legink\u00e1bb sz\u00fcks\u00e9g, \u00e9s hogyan \u00e9lik meg a helyiek a bizonytalans\u00e1got \u2013 hallgass\u00e1tok meg a teljes r\u00e9szt!<\/p>\n\n\n\n<iframe scrolling=\"no\" style=\"border-radius: 10px;\" id=\"hearthis_at_track_14113578\" width=\"100%\" height=\"150\" src=\"https:\/\/app.hearthis.at\/embed\/14113578\/transparent_black\/?hcolor=&#038;color=&#038;style=2&#038;block_size=2&#038;block_space=1&#038;background=1&#038;waveform=0&#038;cover=0&#038;autoplay=0&#038;css=\" frameborder=\"0\" allowtransparency allow=\"autoplay\"><p>Listen to <a href=\"https:\/\/hearthis.at\/radiox\/fltr-minicast-4\/\" target=\"_blank\" rel=\"noopener\">FLTR &#8211; MiniCast &#8211; #4<\/a> <span>by<\/span><a href=\"https:\/\/hearthis.at\/radiox\/\" target=\"_blank\" rel=\"noopener\">R\u00e1di\u00f3 X | X Arch\u00edvum | radiox.hu<\/a> <span>on<\/span> <a href=\"https:\/\/hearthis.at\/\" target=\"_blank\" rel=\"noopener\">hearthis.at<\/a><\/p><\/iframe>\n\n\n\n<p><\/p>\n","protected":false},"excerpt":{"rendered":"<p>Orosz tal\u00e1lat \u00e9rte az ukrajnai Munk\u00e1csot, a magyar hat\u00e1r k\u00f6zel\u00e9ben. A Filter MiniCast \u00faj epiz\u00f3dj\u00e1ban arr\u00f3l mes\u00e9lnek, hogyan reag\u00e1ltak a helyiek \u00e9s a civil seg\u00edt\u0151k a t\u00e1mad\u00e1s ut\u00e1n. A helysz\u00ednre \u00e9rkez\u0151 seg\u00e9lyszervezetek f\u0151k\u00e9nt orvosi eszk\u00f6z\u00f6ket vittek, mik\u00f6zben a v\u00e1rosban furcsa kett\u0151ss\u00e9g uralkodik: a mindennapi \u00e9let megy tov\u00e1bb, de a biztons\u00e1g\u00e9rzet megingott. \ud83c\udfa7 A besz\u00e9lget\u00e9sb\u0151l kider\u00fcl, [&hellip;]<\/p>\n","protected":false},"author":2,"featured_media":0,"comment_status":"open","ping_status":"open","sticky":false,"template":"","format":"standard","meta":{"_monsterinsights_skip_tracking":false,"_monsterinsights_sitenote_active":false,"_monsterinsights_sitenote_note":"","_monsterinsights_sitenote_category":0,"tdm_status":"","tdm_grid_status":"","footnotes":""},"categories":[1],"tags":[],"class_list":{"0":"post-322","1":"post","2":"type-post","3":"status-publish","4":"format-standard","6":"category-egyeb"},"_links":{"self":[{"href":"https:\/\/fltr.hu\/index.php?rest_route=\/wp\/v2\/posts\/322"}],"collection":[{"href":"https:\/\/fltr.hu\/index.php?rest_route=\/wp\/v2\/posts"}],"about":[{"href":"https:\/\/fltr.hu\/index.php?rest_route=\/wp\/v2\/types\/post"}],"author":[{"embeddable":true,"href":"https:\/\/fltr.hu\/index.php?rest_route=\/wp\/v2\/users\/2"}],"replies":[{"embeddable":true,"href":"https:\/\/fltr.hu\/index.php?rest_route=%2Fwp%2Fv2%2Fcomments&post=322"}],"version-history":[{"count":1,"href":"https:\/\/fltr.hu\/index.php?rest_route=\/wp\/v2\/posts\/322\/revisions"}],"predecessor-version":[{"id":323,"href":"https:\/\/fltr.hu\/index.php?rest_route=\/wp\/v2\/posts\/322\/revisions\/323"}],"wp:attachment":[{"href":"https:\/\/fltr.hu\/index.php?rest_route=%2Fwp%2Fv2%2Fmedia&parent=322"}],"wp:term":[{"taxonomy":"category","embeddable":true,"href":"https:\/\/fltr.hu\/index.php?rest_route=%2Fwp%2Fv2%2Fcategories&post=322"},{"taxonomy":"post_tag","embeddable":true,"href":"https:\/\/fltr.hu\/index.php?rest_route=%2Fwp%2Fv2%2Ftags&post=322"}],"curies":[{"name":"wp","href":"https:\/\/api.w.org\/{rel}","templated":true}]}}