{"id":327,"date":"2025-09-09T00:58:15","date_gmt":"2025-09-08T22:58:15","guid":{"rendered":"https:\/\/fltr.hu\/?p=327"},"modified":"2026-04-16T01:00:04","modified_gmt":"2026-04-15T23:00:04","slug":"strasbourgig-viszik-az-ugyet","status":"publish","type":"post","link":"https:\/\/fltr.hu\/?p=327","title":{"rendered":"Strasbourgig viszik az \u00fcgyet"},"content":{"rendered":"\n<p>Nem adj\u00e1k fel: Orosv\u00e1ri Zsolt az Emberi Jogok Eur\u00f3pai B\u00edr\u00f3s\u00e1g\u00e1hoz fordul a rokkantell\u00e1t\u00e1sok miatt, miut\u00e1n itthon minden jogi lehet\u0151s\u00e9get kimer\u00edtettek.<\/p>\n\n\n\n<p>Szerinte t\u00f6bb t\u00edzezer ember \u00e9l m\u00e9ltatlanul alacsony ell\u00e1t\u00e1sb\u00f3l, mik\u00f6zben az \u00faj rendszerben meg\u00e1llap\u00edtott juttat\u00e1sok j\u00f3val magasabbak. A k\u00e9rd\u00e9s m\u00e1r nemcsak szoci\u00e1lis, hanem emberi jogi is lehet.<\/p>\n\n\n\n<p>\ud83c\udfa7 A MiniCast \u00faj r\u00e9sz\u00e9ben a lehets\u00e9ges k\u00f6vetkez\u0151 l\u00e9p\u00e9sekr\u0151l \u00e9s a v\u00e1rhat\u00f3 kimenetelekr\u0151l besz\u00e9lnek.<\/p>\n\n\n\n<iframe scrolling=\"no\" style=\"border-radius: 10px;\" id=\"hearthis_at_track_14113588\" width=\"100%\" height=\"150\" src=\"https:\/\/app.hearthis.at\/embed\/14113588\/transparent_black\/?hcolor=&#038;color=&#038;style=2&#038;block_size=2&#038;block_space=1&#038;background=1&#038;waveform=0&#038;cover=0&#038;autoplay=0&#038;css=\" frameborder=\"0\" allowtransparency allow=\"autoplay\"><p>Listen to <a href=\"https:\/\/hearthis.at\/radiox\/fltr-minicast-6\/\" target=\"_blank\" rel=\"noopener\">FLTR &#8211; MiniCast &#8211; #6<\/a> <span>by<\/span><a href=\"https:\/\/hearthis.at\/radiox\/\" target=\"_blank\" rel=\"noopener\">R\u00e1di\u00f3 X | X Arch\u00edvum | radiox.hu<\/a> <span>on<\/span> <a href=\"https:\/\/hearthis.at\/\" target=\"_blank\" rel=\"noopener\">hearthis.at<\/a><\/p><\/iframe>\n\n\n\n<figure class=\"wp-block-image size-large\"><img fetchpriority=\"high\" decoding=\"async\" width=\"1024\" height=\"114\" src=\"https:\/\/fltr.hu\/wp-content\/uploads\/2025\/08\/KEP_logok_nyujtott-1-1024x114.png\" alt=\"\" class=\"wp-image-283\" srcset=\"https:\/\/fltr.hu\/wp-content\/uploads\/2025\/08\/KEP_logok_nyujtott-1-1024x114.png 1024w, https:\/\/fltr.hu\/wp-content\/uploads\/2025\/08\/KEP_logok_nyujtott-1-300x33.png 300w, https:\/\/fltr.hu\/wp-content\/uploads\/2025\/08\/KEP_logok_nyujtott-1-768x85.png 768w, https:\/\/fltr.hu\/wp-content\/uploads\/2025\/08\/KEP_logok_nyujtott-1-1536x171.png 1536w, https:\/\/fltr.hu\/wp-content\/uploads\/2025\/08\/KEP_logok_nyujtott-1-696x77.png 696w, https:\/\/fltr.hu\/wp-content\/uploads\/2025\/08\/KEP_logok_nyujtott-1-1068x119.png 1068w, https:\/\/fltr.hu\/wp-content\/uploads\/2025\/08\/KEP_logok_nyujtott-1.png 1871w\" sizes=\"(max-width: 1024px) 100vw, 1024px\" \/><\/figure>\n","protected":false},"excerpt":{"rendered":"<p>Nem adj\u00e1k fel: Orosv\u00e1ri Zsolt az Emberi Jogok Eur\u00f3pai B\u00edr\u00f3s\u00e1g\u00e1hoz fordul a rokkantell\u00e1t\u00e1sok miatt, miut\u00e1n itthon minden jogi lehet\u0151s\u00e9get kimer\u00edtettek. Szerinte t\u00f6bb t\u00edzezer ember \u00e9l m\u00e9ltatlanul alacsony ell\u00e1t\u00e1sb\u00f3l, mik\u00f6zben az \u00faj rendszerben meg\u00e1llap\u00edtott juttat\u00e1sok j\u00f3val magasabbak. A k\u00e9rd\u00e9s m\u00e1r nemcsak szoci\u00e1lis, hanem emberi jogi is lehet. \ud83c\udfa7 A MiniCast \u00faj r\u00e9sz\u00e9ben a lehets\u00e9ges k\u00f6vetkez\u0151 l\u00e9p\u00e9sekr\u0151l [&hellip;]<\/p>\n","protected":false},"author":2,"featured_media":0,"comment_status":"open","ping_status":"open","sticky":false,"template":"","format":"standard","meta":{"_monsterinsights_skip_tracking":false,"_monsterinsights_sitenote_active":false,"_monsterinsights_sitenote_note":"","_monsterinsights_sitenote_category":0,"tdm_status":"","tdm_grid_status":"","footnotes":""},"categories":[1],"tags":[],"class_list":{"0":"post-327","1":"post","2":"type-post","3":"status-publish","4":"format-standard","6":"category-egyeb"},"_links":{"self":[{"href":"https:\/\/fltr.hu\/index.php?rest_route=\/wp\/v2\/posts\/327"}],"collection":[{"href":"https:\/\/fltr.hu\/index.php?rest_route=\/wp\/v2\/posts"}],"about":[{"href":"https:\/\/fltr.hu\/index.php?rest_route=\/wp\/v2\/types\/post"}],"author":[{"embeddable":true,"href":"https:\/\/fltr.hu\/index.php?rest_route=\/wp\/v2\/users\/2"}],"replies":[{"embeddable":true,"href":"https:\/\/fltr.hu\/index.php?rest_route=%2Fwp%2Fv2%2Fcomments&post=327"}],"version-history":[{"count":1,"href":"https:\/\/fltr.hu\/index.php?rest_route=\/wp\/v2\/posts\/327\/revisions"}],"predecessor-version":[{"id":328,"href":"https:\/\/fltr.hu\/index.php?rest_route=\/wp\/v2\/posts\/327\/revisions\/328"}],"wp:attachment":[{"href":"https:\/\/fltr.hu\/index.php?rest_route=%2Fwp%2Fv2%2Fmedia&parent=327"}],"wp:term":[{"taxonomy":"category","embeddable":true,"href":"https:\/\/fltr.hu\/index.php?rest_route=%2Fwp%2Fv2%2Fcategories&post=327"},{"taxonomy":"post_tag","embeddable":true,"href":"https:\/\/fltr.hu\/index.php?rest_route=%2Fwp%2Fv2%2Ftags&post=327"}],"curies":[{"name":"wp","href":"https:\/\/api.w.org\/{rel}","templated":true}]}}