{"id":329,"date":"2025-09-10T01:02:47","date_gmt":"2025-09-09T23:02:47","guid":{"rendered":"https:\/\/fltr.hu\/?p=329"},"modified":"2026-04-16T01:03:45","modified_gmt":"2026-04-15T23:03:45","slug":"pecsi-pride-mi-tortenhet-a-resztvevokkel","status":"publish","type":"post","link":"https:\/\/fltr.hu\/?p=329","title":{"rendered":"P\u00e9csi Pride: mi t\u00f6rt\u00e9nhet a r\u00e9sztvev\u0151kkel?"},"content":{"rendered":"\n<p>\u00dajra el\u0151ker\u00fclt a k\u00e9rd\u00e9s: jogszer\u0171-e Pride-ot szervezni a jelenlegi szab\u00e1lyoz\u00e1s mellett? A Filter MiniCast friss epiz\u00f3dja a p\u00e9csi rendezv\u00e9ny kapcs\u00e1n j\u00e1rja k\u00f6r\u00fcl a t\u00e9m\u00e1t.<\/p>\n\n\n\n<p>Hegyi Szabolcs szerint ha egy gy\u0171l\u00e9st megtiltanak, a r\u00e9sztvev\u0151k szab\u00e1lys\u00e9rt\u00e9st, a szervez\u0151k pedig ak\u00e1r b\u0171ncselekm\u00e9nyt is elk\u00f6vethetnek. A rend\u0151rs\u00e9g ak\u00e1r arcfelismer\u00e9ssel is azonos\u00edthatja a jelenl\u00e9v\u0151ket.<\/p>\n\n\n\n<p>\ud83c\udfa7 A r\u00e9szben r\u00e9szletesen elmagyar\u00e1zz\u00e1k, milyen k\u00f6vetkezm\u00e9nyekkel j\u00e1rhat a r\u00e9szv\u00e9tel \u2013 hallgass\u00e1tok meg!<\/p>\n\n\n\n<iframe scrolling=\"no\" style=\"border-radius: 10px;\" id=\"hearthis_at_track_14113589\" width=\"100%\" height=\"150\" src=\"https:\/\/app.hearthis.at\/embed\/14113589\/transparent_black\/?hcolor=&#038;color=&#038;style=2&#038;block_size=2&#038;block_space=1&#038;background=1&#038;waveform=0&#038;cover=0&#038;autoplay=0&#038;css=\" frameborder=\"0\" allowtransparency allow=\"autoplay\"><p>Listen to <a href=\"https:\/\/hearthis.at\/radiox\/fltr-minicast-7\/\" target=\"_blank\" rel=\"noopener\">FLTR &#8211; MiniCast &#8211; #7<\/a> <span>by<\/span><a href=\"https:\/\/hearthis.at\/radiox\/\" target=\"_blank\" rel=\"noopener\">R\u00e1di\u00f3 X | X Arch\u00edvum | radiox.hu<\/a> <span>on<\/span> <a href=\"https:\/\/hearthis.at\/\" target=\"_blank\" rel=\"noopener\">hearthis.at<\/a><\/p><\/iframe>\n\n\n\n<figure class=\"wp-block-image size-large\"><img fetchpriority=\"high\" decoding=\"async\" width=\"1024\" height=\"114\" src=\"https:\/\/fltr.hu\/wp-content\/uploads\/2025\/08\/KEP_logok_nyujtott-1-1024x114.png\" alt=\"\" class=\"wp-image-283\" srcset=\"https:\/\/fltr.hu\/wp-content\/uploads\/2025\/08\/KEP_logok_nyujtott-1-1024x114.png 1024w, https:\/\/fltr.hu\/wp-content\/uploads\/2025\/08\/KEP_logok_nyujtott-1-300x33.png 300w, https:\/\/fltr.hu\/wp-content\/uploads\/2025\/08\/KEP_logok_nyujtott-1-768x85.png 768w, https:\/\/fltr.hu\/wp-content\/uploads\/2025\/08\/KEP_logok_nyujtott-1-1536x171.png 1536w, https:\/\/fltr.hu\/wp-content\/uploads\/2025\/08\/KEP_logok_nyujtott-1-696x77.png 696w, https:\/\/fltr.hu\/wp-content\/uploads\/2025\/08\/KEP_logok_nyujtott-1-1068x119.png 1068w, https:\/\/fltr.hu\/wp-content\/uploads\/2025\/08\/KEP_logok_nyujtott-1.png 1871w\" sizes=\"(max-width: 1024px) 100vw, 1024px\" \/><\/figure>\n","protected":false},"excerpt":{"rendered":"<p>\u00dajra el\u0151ker\u00fclt a k\u00e9rd\u00e9s: jogszer\u0171-e Pride-ot szervezni a jelenlegi szab\u00e1lyoz\u00e1s mellett? A Filter MiniCast friss epiz\u00f3dja a p\u00e9csi rendezv\u00e9ny kapcs\u00e1n j\u00e1rja k\u00f6r\u00fcl a t\u00e9m\u00e1t. Hegyi Szabolcs szerint ha egy gy\u0171l\u00e9st megtiltanak, a r\u00e9sztvev\u0151k szab\u00e1lys\u00e9rt\u00e9st, a szervez\u0151k pedig ak\u00e1r b\u0171ncselekm\u00e9nyt is elk\u00f6vethetnek. A rend\u0151rs\u00e9g ak\u00e1r arcfelismer\u00e9ssel is azonos\u00edthatja a jelenl\u00e9v\u0151ket. \ud83c\udfa7 A r\u00e9szben r\u00e9szletesen elmagyar\u00e1zz\u00e1k, milyen [&hellip;]<\/p>\n","protected":false},"author":2,"featured_media":0,"comment_status":"open","ping_status":"open","sticky":false,"template":"","format":"standard","meta":{"_monsterinsights_skip_tracking":false,"_monsterinsights_sitenote_active":false,"_monsterinsights_sitenote_note":"","_monsterinsights_sitenote_category":0,"tdm_status":"","tdm_grid_status":"","footnotes":""},"categories":[1],"tags":[],"class_list":{"0":"post-329","1":"post","2":"type-post","3":"status-publish","4":"format-standard","6":"category-egyeb"},"_links":{"self":[{"href":"https:\/\/fltr.hu\/index.php?rest_route=\/wp\/v2\/posts\/329"}],"collection":[{"href":"https:\/\/fltr.hu\/index.php?rest_route=\/wp\/v2\/posts"}],"about":[{"href":"https:\/\/fltr.hu\/index.php?rest_route=\/wp\/v2\/types\/post"}],"author":[{"embeddable":true,"href":"https:\/\/fltr.hu\/index.php?rest_route=\/wp\/v2\/users\/2"}],"replies":[{"embeddable":true,"href":"https:\/\/fltr.hu\/index.php?rest_route=%2Fwp%2Fv2%2Fcomments&post=329"}],"version-history":[{"count":1,"href":"https:\/\/fltr.hu\/index.php?rest_route=\/wp\/v2\/posts\/329\/revisions"}],"predecessor-version":[{"id":330,"href":"https:\/\/fltr.hu\/index.php?rest_route=\/wp\/v2\/posts\/329\/revisions\/330"}],"wp:attachment":[{"href":"https:\/\/fltr.hu\/index.php?rest_route=%2Fwp%2Fv2%2Fmedia&parent=329"}],"wp:term":[{"taxonomy":"category","embeddable":true,"href":"https:\/\/fltr.hu\/index.php?rest_route=%2Fwp%2Fv2%2Fcategories&post=329"},{"taxonomy":"post_tag","embeddable":true,"href":"https:\/\/fltr.hu\/index.php?rest_route=%2Fwp%2Fv2%2Ftags&post=329"}],"curies":[{"name":"wp","href":"https:\/\/api.w.org\/{rel}","templated":true}]}}