{"id":333,"date":"2025-09-16T01:16:30","date_gmt":"2025-09-15T23:16:30","guid":{"rendered":"https:\/\/fltr.hu\/?p=333"},"modified":"2026-04-16T01:18:26","modified_gmt":"2026-04-15T23:18:26","slug":"tenyleg-veszelyes-svedorszag","status":"publish","type":"post","link":"https:\/\/fltr.hu\/?p=333","title":{"rendered":"T\u00e9nyleg vesz\u00e9lyes Sv\u00e9dorsz\u00e1g?"},"content":{"rendered":"\n<p>Orb\u00e1n Viktor egy vide\u00f3ban arr\u00f3l besz\u00e9lt, hogy Sv\u00e9dorsz\u00e1gban romlott a k\u00f6zbiztons\u00e1g. A Filter MiniCast \u00faj epiz\u00f3dja ezt egy ott \u00e9l\u0151 magyar tapasztalataival \u00e1rnyalja.<\/p>\n\n\n\n<p>A megsz\u00f3lal\u00f3 szerint a mindennapokban nem \u00e9rz\u00e9kelhet\u0151 az a vesz\u00e9ly, amir\u0151l a politikai kommunik\u00e1ci\u00f3 sz\u00f3l, s\u0151t: saj\u00e1t p\u00e9ld\u00e1kkal illusztr\u00e1lja, mennyire biztons\u00e1gosnak \u00e9rzi a k\u00f6rnyezet\u00e9t.<\/p>\n\n\n\n<p>\ud83c\udfa7 Ha k\u00edv\u00e1ncsiak vagytok a val\u00f3s h\u00e9tk\u00f6znapi tapasztalatokra, hallgassatok bele a teljes besz\u00e9lget\u00e9sbe.<\/p>\n\n\n\n<iframe scrolling=\"no\" style=\"border-radius: 10px;\" id=\"hearthis_at_track_14113586\" width=\"100%\" height=\"150\" src=\"https:\/\/app.hearthis.at\/embed\/14113586\/transparent_black\/?hcolor=&#038;color=&#038;style=2&#038;block_size=2&#038;block_space=1&#038;background=1&#038;waveform=0&#038;cover=0&#038;autoplay=0&#038;css=\" frameborder=\"0\" allowtransparency allow=\"autoplay\"><p>Listen to <a href=\"https:\/\/hearthis.at\/radiox\/fltr-minicast-9\/\" target=\"_blank\" rel=\"noopener\">FLTR &#8211; MiniCast &#8211; #9<\/a> <span>by<\/span><a href=\"https:\/\/hearthis.at\/radiox\/\" target=\"_blank\" rel=\"noopener\">R\u00e1di\u00f3 X | X Arch\u00edvum | radiox.hu<\/a> <span>on<\/span> <a href=\"https:\/\/hearthis.at\/\" target=\"_blank\" rel=\"noopener\">hearthis.at<\/a><\/p><\/iframe>\n\n\n\n<figure class=\"wp-block-image size-large\"><img fetchpriority=\"high\" decoding=\"async\" width=\"1024\" height=\"114\" src=\"https:\/\/fltr.hu\/wp-content\/uploads\/2025\/08\/KEP_logok_nyujtott-1-1024x114.png\" alt=\"\" class=\"wp-image-283\" srcset=\"https:\/\/fltr.hu\/wp-content\/uploads\/2025\/08\/KEP_logok_nyujtott-1-1024x114.png 1024w, https:\/\/fltr.hu\/wp-content\/uploads\/2025\/08\/KEP_logok_nyujtott-1-300x33.png 300w, https:\/\/fltr.hu\/wp-content\/uploads\/2025\/08\/KEP_logok_nyujtott-1-768x85.png 768w, https:\/\/fltr.hu\/wp-content\/uploads\/2025\/08\/KEP_logok_nyujtott-1-1536x171.png 1536w, https:\/\/fltr.hu\/wp-content\/uploads\/2025\/08\/KEP_logok_nyujtott-1-696x77.png 696w, https:\/\/fltr.hu\/wp-content\/uploads\/2025\/08\/KEP_logok_nyujtott-1-1068x119.png 1068w, https:\/\/fltr.hu\/wp-content\/uploads\/2025\/08\/KEP_logok_nyujtott-1.png 1871w\" sizes=\"(max-width: 1024px) 100vw, 1024px\" \/><\/figure>\n","protected":false},"excerpt":{"rendered":"<p>Orb\u00e1n Viktor egy vide\u00f3ban arr\u00f3l besz\u00e9lt, hogy Sv\u00e9dorsz\u00e1gban romlott a k\u00f6zbiztons\u00e1g. A Filter MiniCast \u00faj epiz\u00f3dja ezt egy ott \u00e9l\u0151 magyar tapasztalataival \u00e1rnyalja. A megsz\u00f3lal\u00f3 szerint a mindennapokban nem \u00e9rz\u00e9kelhet\u0151 az a vesz\u00e9ly, amir\u0151l a politikai kommunik\u00e1ci\u00f3 sz\u00f3l, s\u0151t: saj\u00e1t p\u00e9ld\u00e1kkal illusztr\u00e1lja, mennyire biztons\u00e1gosnak \u00e9rzi a k\u00f6rnyezet\u00e9t. \ud83c\udfa7 Ha k\u00edv\u00e1ncsiak vagytok a val\u00f3s h\u00e9tk\u00f6znapi tapasztalatokra, [&hellip;]<\/p>\n","protected":false},"author":2,"featured_media":0,"comment_status":"open","ping_status":"open","sticky":false,"template":"","format":"standard","meta":{"_monsterinsights_skip_tracking":false,"_monsterinsights_sitenote_active":false,"_monsterinsights_sitenote_note":"","_monsterinsights_sitenote_category":0,"tdm_status":"","tdm_grid_status":"","footnotes":""},"categories":[1],"tags":[],"class_list":{"0":"post-333","1":"post","2":"type-post","3":"status-publish","4":"format-standard","6":"category-egyeb"},"_links":{"self":[{"href":"https:\/\/fltr.hu\/index.php?rest_route=\/wp\/v2\/posts\/333"}],"collection":[{"href":"https:\/\/fltr.hu\/index.php?rest_route=\/wp\/v2\/posts"}],"about":[{"href":"https:\/\/fltr.hu\/index.php?rest_route=\/wp\/v2\/types\/post"}],"author":[{"embeddable":true,"href":"https:\/\/fltr.hu\/index.php?rest_route=\/wp\/v2\/users\/2"}],"replies":[{"embeddable":true,"href":"https:\/\/fltr.hu\/index.php?rest_route=%2Fwp%2Fv2%2Fcomments&post=333"}],"version-history":[{"count":1,"href":"https:\/\/fltr.hu\/index.php?rest_route=\/wp\/v2\/posts\/333\/revisions"}],"predecessor-version":[{"id":334,"href":"https:\/\/fltr.hu\/index.php?rest_route=\/wp\/v2\/posts\/333\/revisions\/334"}],"wp:attachment":[{"href":"https:\/\/fltr.hu\/index.php?rest_route=%2Fwp%2Fv2%2Fmedia&parent=333"}],"wp:term":[{"taxonomy":"category","embeddable":true,"href":"https:\/\/fltr.hu\/index.php?rest_route=%2Fwp%2Fv2%2Fcategories&post=333"},{"taxonomy":"post_tag","embeddable":true,"href":"https:\/\/fltr.hu\/index.php?rest_route=%2Fwp%2Fv2%2Ftags&post=333"}],"curies":[{"name":"wp","href":"https:\/\/api.w.org\/{rel}","templated":true}]}}