{"id":341,"date":"2025-12-02T01:46:11","date_gmt":"2025-12-02T00:46:11","guid":{"rendered":"https:\/\/fltr.hu\/?p=341"},"modified":"2026-04-16T01:47:36","modified_gmt":"2026-04-15T23:47:36","slug":"parlament-vagy-utca-hol-van-a-politika-tere-ma","status":"publish","type":"post","link":"https:\/\/fltr.hu\/?p=341","title":{"rendered":"Parlament vagy utca? Hol van a politika tere ma?"},"content":{"rendered":"\n<p>Van m\u00e9g \u00e9rtelme a parlamenti munk\u00e1nak, vagy ink\u00e1bb az utcai politiz\u00e1l\u00e1s\u00e9 a j\u00f6v\u0151? Ezt a k\u00e9rd\u00e9st j\u00e1rja k\u00f6r\u00fcl a Filter MiniCast \u00faj epiz\u00f3dja.<\/p>\n\n\n\n<p>Ranschburg Zolt\u00e1n szerint nem a felsz\u00f3lal\u00e1sok sz\u00e1ma a l\u00e9nyeg, hanem az, hogy a parlament szerepe az elm\u00falt \u00e9vekben jelent\u0151sen le\u00e9rt\u00e9kel\u0151d\u00f6tt, \u00e9s az ellenz\u00e9k mozg\u00e1stere er\u0151sen korl\u00e1tozott.<\/p>\n\n\n\n<p>\ud83c\udfa7 A r\u00e9szben arr\u00f3l besz\u00e9lnek, hol d\u0151lnek el val\u00f3j\u00e1ban a fontos k\u00e9rd\u00e9sek.<\/p>\n\n\n\n<iframe scrolling=\"no\" style=\"border-radius: 10px;\" id=\"hearthis_at_track_14113595\" width=\"100%\" height=\"150\" src=\"https:\/\/app.hearthis.at\/embed\/14113595\/transparent_black\/?hcolor=&#038;color=&#038;style=2&#038;block_size=2&#038;block_space=1&#038;background=1&#038;waveform=0&#038;cover=0&#038;autoplay=0&#038;css=\" frameborder=\"0\" allowtransparency allow=\"autoplay\"><p>Listen to <a href=\"https:\/\/hearthis.at\/radiox\/fltr-minicast-13\/\" target=\"_blank\" rel=\"noopener\">FLTR &#8211; MiniCast &#8211; #13<\/a> <span>by<\/span><a href=\"https:\/\/hearthis.at\/radiox\/\" target=\"_blank\" rel=\"noopener\">R\u00e1di\u00f3 X | X Arch\u00edvum | radiox.hu<\/a> <span>on<\/span> <a href=\"https:\/\/hearthis.at\/\" target=\"_blank\" rel=\"noopener\">hearthis.at<\/a><\/p><\/iframe>\n\n\n\n<figure class=\"wp-block-image size-large\"><img fetchpriority=\"high\" decoding=\"async\" width=\"1024\" height=\"114\" src=\"https:\/\/fltr.hu\/wp-content\/uploads\/2025\/08\/KEP_logok_nyujtott-1-1024x114.png\" alt=\"\" class=\"wp-image-283\" srcset=\"https:\/\/fltr.hu\/wp-content\/uploads\/2025\/08\/KEP_logok_nyujtott-1-1024x114.png 1024w, https:\/\/fltr.hu\/wp-content\/uploads\/2025\/08\/KEP_logok_nyujtott-1-300x33.png 300w, https:\/\/fltr.hu\/wp-content\/uploads\/2025\/08\/KEP_logok_nyujtott-1-768x85.png 768w, https:\/\/fltr.hu\/wp-content\/uploads\/2025\/08\/KEP_logok_nyujtott-1-1536x171.png 1536w, https:\/\/fltr.hu\/wp-content\/uploads\/2025\/08\/KEP_logok_nyujtott-1-696x77.png 696w, https:\/\/fltr.hu\/wp-content\/uploads\/2025\/08\/KEP_logok_nyujtott-1-1068x119.png 1068w, https:\/\/fltr.hu\/wp-content\/uploads\/2025\/08\/KEP_logok_nyujtott-1.png 1871w\" sizes=\"(max-width: 1024px) 100vw, 1024px\" \/><\/figure>\n","protected":false},"excerpt":{"rendered":"<p>Van m\u00e9g \u00e9rtelme a parlamenti munk\u00e1nak, vagy ink\u00e1bb az utcai politiz\u00e1l\u00e1s\u00e9 a j\u00f6v\u0151? Ezt a k\u00e9rd\u00e9st j\u00e1rja k\u00f6r\u00fcl a Filter MiniCast \u00faj epiz\u00f3dja. Ranschburg Zolt\u00e1n szerint nem a felsz\u00f3lal\u00e1sok sz\u00e1ma a l\u00e9nyeg, hanem az, hogy a parlament szerepe az elm\u00falt \u00e9vekben jelent\u0151sen le\u00e9rt\u00e9kel\u0151d\u00f6tt, \u00e9s az ellenz\u00e9k mozg\u00e1stere er\u0151sen korl\u00e1tozott. \ud83c\udfa7 A r\u00e9szben arr\u00f3l besz\u00e9lnek, hol [&hellip;]<\/p>\n","protected":false},"author":2,"featured_media":0,"comment_status":"open","ping_status":"open","sticky":false,"template":"","format":"standard","meta":{"_monsterinsights_skip_tracking":false,"_monsterinsights_sitenote_active":false,"_monsterinsights_sitenote_note":"","_monsterinsights_sitenote_category":0,"tdm_status":"","tdm_grid_status":"","footnotes":""},"categories":[1],"tags":[],"class_list":{"0":"post-341","1":"post","2":"type-post","3":"status-publish","4":"format-standard","6":"category-egyeb"},"_links":{"self":[{"href":"https:\/\/fltr.hu\/index.php?rest_route=\/wp\/v2\/posts\/341"}],"collection":[{"href":"https:\/\/fltr.hu\/index.php?rest_route=\/wp\/v2\/posts"}],"about":[{"href":"https:\/\/fltr.hu\/index.php?rest_route=\/wp\/v2\/types\/post"}],"author":[{"embeddable":true,"href":"https:\/\/fltr.hu\/index.php?rest_route=\/wp\/v2\/users\/2"}],"replies":[{"embeddable":true,"href":"https:\/\/fltr.hu\/index.php?rest_route=%2Fwp%2Fv2%2Fcomments&post=341"}],"version-history":[{"count":1,"href":"https:\/\/fltr.hu\/index.php?rest_route=\/wp\/v2\/posts\/341\/revisions"}],"predecessor-version":[{"id":342,"href":"https:\/\/fltr.hu\/index.php?rest_route=\/wp\/v2\/posts\/341\/revisions\/342"}],"wp:attachment":[{"href":"https:\/\/fltr.hu\/index.php?rest_route=%2Fwp%2Fv2%2Fmedia&parent=341"}],"wp:term":[{"taxonomy":"category","embeddable":true,"href":"https:\/\/fltr.hu\/index.php?rest_route=%2Fwp%2Fv2%2Fcategories&post=341"},{"taxonomy":"post_tag","embeddable":true,"href":"https:\/\/fltr.hu\/index.php?rest_route=%2Fwp%2Fv2%2Ftags&post=341"}],"curies":[{"name":"wp","href":"https:\/\/api.w.org\/{rel}","templated":true}]}}