{"id":343,"date":"2025-12-03T01:48:43","date_gmt":"2025-12-03T00:48:43","guid":{"rendered":"https:\/\/fltr.hu\/?p=343"},"modified":"2026-04-16T01:50:24","modified_gmt":"2026-04-15T23:50:24","slug":"politika-es-muveszet-egy-terben-dr-marias-kiallitasa","status":"publish","type":"post","link":"https:\/\/fltr.hu\/?p=343","title":{"rendered":"Politika \u00e9s m\u0171v\u00e9szet egy t\u00e9rben \u2013 Dr. M\u00e1ri\u00e1s ki\u00e1ll\u00edt\u00e1sa"},"content":{"rendered":"\n<p>Kicsit k\u00f6nnyedebb t\u00e9ma: retrospekt\u00edv ki\u00e1ll\u00edt\u00e1ssal jelentkezik Dr. M\u00e1ri\u00e1s az \u00f3budai Godot Gal\u00e9ri\u00e1ban.<\/p>\n\n\n\n<p>A t\u00e1rlaton a k\u00f6zelm\u00falt politikai \u00e9s t\u00f6rt\u00e9nelmi figur\u00e1i is megjelennek \u2013 a m\u0171v\u00e9sz szerint a politika \u00e9s a m\u0171v\u00e9szet ma m\u00e1r elv\u00e1laszthatatlanul \u00f6sszefon\u00f3dik.<\/p>\n\n\n\n<p>\ud83c\udfa7 A MiniCastben a ki\u00e1ll\u00edt\u00e1s koncepci\u00f3j\u00e1r\u00f3l \u00e9s h\u00e1tter\u00e9r\u0151l is mes\u00e9l.<\/p>\n\n\n\n<iframe scrolling=\"no\" style=\"border-radius: 10px;\" id=\"hearthis_at_track_14113594\" width=\"100%\" height=\"150\" src=\"https:\/\/app.hearthis.at\/embed\/14113594\/transparent_black\/?hcolor=&#038;color=&#038;style=2&#038;block_size=2&#038;block_space=1&#038;background=1&#038;waveform=0&#038;cover=0&#038;autoplay=0&#038;css=\" frameborder=\"0\" allowtransparency allow=\"autoplay\"><p>Listen to <a href=\"https:\/\/hearthis.at\/radiox\/fltr-minicast-14\/\" target=\"_blank\" rel=\"noopener\">FLTR &#8211; MiniCast &#8211; #14<\/a> <span>by<\/span><a href=\"https:\/\/hearthis.at\/radiox\/\" target=\"_blank\" rel=\"noopener\">R\u00e1di\u00f3 X | X Arch\u00edvum | radiox.hu<\/a> <span>on<\/span> <a href=\"https:\/\/hearthis.at\/\" target=\"_blank\" rel=\"noopener\">hearthis.at<\/a><\/p><\/iframe>\n\n\n\n<figure class=\"wp-block-image size-large\"><img fetchpriority=\"high\" decoding=\"async\" width=\"1024\" height=\"114\" src=\"https:\/\/fltr.hu\/wp-content\/uploads\/2025\/08\/KEP_logok_nyujtott-1-1024x114.png\" alt=\"\" class=\"wp-image-283\" srcset=\"https:\/\/fltr.hu\/wp-content\/uploads\/2025\/08\/KEP_logok_nyujtott-1-1024x114.png 1024w, https:\/\/fltr.hu\/wp-content\/uploads\/2025\/08\/KEP_logok_nyujtott-1-300x33.png 300w, https:\/\/fltr.hu\/wp-content\/uploads\/2025\/08\/KEP_logok_nyujtott-1-768x85.png 768w, https:\/\/fltr.hu\/wp-content\/uploads\/2025\/08\/KEP_logok_nyujtott-1-1536x171.png 1536w, https:\/\/fltr.hu\/wp-content\/uploads\/2025\/08\/KEP_logok_nyujtott-1-696x77.png 696w, https:\/\/fltr.hu\/wp-content\/uploads\/2025\/08\/KEP_logok_nyujtott-1-1068x119.png 1068w, https:\/\/fltr.hu\/wp-content\/uploads\/2025\/08\/KEP_logok_nyujtott-1.png 1871w\" sizes=\"(max-width: 1024px) 100vw, 1024px\" \/><\/figure>\n","protected":false},"excerpt":{"rendered":"<p>Kicsit k\u00f6nnyedebb t\u00e9ma: retrospekt\u00edv ki\u00e1ll\u00edt\u00e1ssal jelentkezik Dr. M\u00e1ri\u00e1s az \u00f3budai Godot Gal\u00e9ri\u00e1ban. A t\u00e1rlaton a k\u00f6zelm\u00falt politikai \u00e9s t\u00f6rt\u00e9nelmi figur\u00e1i is megjelennek \u2013 a m\u0171v\u00e9sz szerint a politika \u00e9s a m\u0171v\u00e9szet ma m\u00e1r elv\u00e1laszthatatlanul \u00f6sszefon\u00f3dik. \ud83c\udfa7 A MiniCastben a ki\u00e1ll\u00edt\u00e1s koncepci\u00f3j\u00e1r\u00f3l \u00e9s h\u00e1tter\u00e9r\u0151l is mes\u00e9l. Listen to FLTR &#8211; MiniCast &#8211; #14 byR\u00e1di\u00f3 X | [&hellip;]<\/p>\n","protected":false},"author":2,"featured_media":0,"comment_status":"open","ping_status":"open","sticky":false,"template":"","format":"standard","meta":{"_monsterinsights_skip_tracking":false,"_monsterinsights_sitenote_active":false,"_monsterinsights_sitenote_note":"","_monsterinsights_sitenote_category":0,"tdm_status":"","tdm_grid_status":"","footnotes":""},"categories":[1],"tags":[],"class_list":{"0":"post-343","1":"post","2":"type-post","3":"status-publish","4":"format-standard","6":"category-egyeb"},"_links":{"self":[{"href":"https:\/\/fltr.hu\/index.php?rest_route=\/wp\/v2\/posts\/343"}],"collection":[{"href":"https:\/\/fltr.hu\/index.php?rest_route=\/wp\/v2\/posts"}],"about":[{"href":"https:\/\/fltr.hu\/index.php?rest_route=\/wp\/v2\/types\/post"}],"author":[{"embeddable":true,"href":"https:\/\/fltr.hu\/index.php?rest_route=\/wp\/v2\/users\/2"}],"replies":[{"embeddable":true,"href":"https:\/\/fltr.hu\/index.php?rest_route=%2Fwp%2Fv2%2Fcomments&post=343"}],"version-history":[{"count":1,"href":"https:\/\/fltr.hu\/index.php?rest_route=\/wp\/v2\/posts\/343\/revisions"}],"predecessor-version":[{"id":344,"href":"https:\/\/fltr.hu\/index.php?rest_route=\/wp\/v2\/posts\/343\/revisions\/344"}],"wp:attachment":[{"href":"https:\/\/fltr.hu\/index.php?rest_route=%2Fwp%2Fv2%2Fmedia&parent=343"}],"wp:term":[{"taxonomy":"category","embeddable":true,"href":"https:\/\/fltr.hu\/index.php?rest_route=%2Fwp%2Fv2%2Fcategories&post=343"},{"taxonomy":"post_tag","embeddable":true,"href":"https:\/\/fltr.hu\/index.php?rest_route=%2Fwp%2Fv2%2Ftags&post=343"}],"curies":[{"name":"wp","href":"https:\/\/api.w.org\/{rel}","templated":true}]}}