{"id":347,"date":"2025-11-05T01:54:04","date_gmt":"2025-11-05T00:54:04","guid":{"rendered":"https:\/\/fltr.hu\/?p=347"},"modified":"2026-04-16T01:55:30","modified_gmt":"2026-04-15T23:55:30","slug":"kampanyhangulat-az-utcan","status":"publish","type":"post","link":"https:\/\/fltr.hu\/?p=347","title":{"rendered":"Kamp\u00e1nyhangulat az utc\u00e1n"},"content":{"rendered":"\n<p>Elindult a kamp\u00e1ny: egyre t\u00f6bb politikus jelenik meg az utc\u00e1kon, standokn\u00e1l, piacokon. A Filter MiniCastben err\u0151l k\u00e9sz\u00edtettek gyors k\u00f6rk\u00e9pet.<\/p>\n\n\n\n<p>A megsz\u00f3lal\u00f3k szerint a v\u00e1laszt\u00e1s t\u00e9tje nagy, a kamp\u00e1ny pedig m\u00e1r r\u00e9g\u00f3ta tart \u2013 most ink\u00e1bb a hajr\u00e1 k\u00f6vetkezik.<\/p>\n\n\n\n<p>\ud83c\udfa7 R\u00f6vid hangulatjelent\u00e9s a terepr\u0151l \u2013 hallgass\u00e1tok meg a teljes r\u00e9szt.<\/p>\n\n\n\n<iframe scrolling=\"no\" style=\"border-radius: 10px;\" id=\"hearthis_at_track_14113592\" width=\"100%\" height=\"150\" src=\"https:\/\/app.hearthis.at\/embed\/14113592\/transparent_black\/?hcolor=&#038;color=&#038;style=2&#038;block_size=2&#038;block_space=1&#038;background=1&#038;waveform=0&#038;cover=0&#038;autoplay=0&#038;css=\" frameborder=\"0\" allowtransparency allow=\"autoplay\"><p>Listen to <a href=\"https:\/\/hearthis.at\/radiox\/fltr-minicast-16\/\" target=\"_blank\" rel=\"noopener\">FLTR &#8211; MiniCast &#8211; #16<\/a> <span>by<\/span><a href=\"https:\/\/hearthis.at\/radiox\/\" target=\"_blank\" rel=\"noopener\">R\u00e1di\u00f3 X | X Arch\u00edvum | radiox.hu<\/a> <span>on<\/span> <a href=\"https:\/\/hearthis.at\/\" target=\"_blank\" rel=\"noopener\">hearthis.at<\/a><\/p><\/iframe>\n\n\n\n<p><\/p>\n","protected":false},"excerpt":{"rendered":"<p>Elindult a kamp\u00e1ny: egyre t\u00f6bb politikus jelenik meg az utc\u00e1kon, standokn\u00e1l, piacokon. A Filter MiniCastben err\u0151l k\u00e9sz\u00edtettek gyors k\u00f6rk\u00e9pet. A megsz\u00f3lal\u00f3k szerint a v\u00e1laszt\u00e1s t\u00e9tje nagy, a kamp\u00e1ny pedig m\u00e1r r\u00e9g\u00f3ta tart \u2013 most ink\u00e1bb a hajr\u00e1 k\u00f6vetkezik. \ud83c\udfa7 R\u00f6vid hangulatjelent\u00e9s a terepr\u0151l \u2013 hallgass\u00e1tok meg a teljes r\u00e9szt. Listen to FLTR &#8211; MiniCast &#8211; [&hellip;]<\/p>\n","protected":false},"author":2,"featured_media":0,"comment_status":"open","ping_status":"open","sticky":false,"template":"","format":"standard","meta":{"_monsterinsights_skip_tracking":false,"_monsterinsights_sitenote_active":false,"_monsterinsights_sitenote_note":"","_monsterinsights_sitenote_category":0,"tdm_status":"","tdm_grid_status":"","footnotes":""},"categories":[1],"tags":[],"class_list":{"0":"post-347","1":"post","2":"type-post","3":"status-publish","4":"format-standard","6":"category-egyeb"},"_links":{"self":[{"href":"https:\/\/fltr.hu\/index.php?rest_route=\/wp\/v2\/posts\/347"}],"collection":[{"href":"https:\/\/fltr.hu\/index.php?rest_route=\/wp\/v2\/posts"}],"about":[{"href":"https:\/\/fltr.hu\/index.php?rest_route=\/wp\/v2\/types\/post"}],"author":[{"embeddable":true,"href":"https:\/\/fltr.hu\/index.php?rest_route=\/wp\/v2\/users\/2"}],"replies":[{"embeddable":true,"href":"https:\/\/fltr.hu\/index.php?rest_route=%2Fwp%2Fv2%2Fcomments&post=347"}],"version-history":[{"count":1,"href":"https:\/\/fltr.hu\/index.php?rest_route=\/wp\/v2\/posts\/347\/revisions"}],"predecessor-version":[{"id":348,"href":"https:\/\/fltr.hu\/index.php?rest_route=\/wp\/v2\/posts\/347\/revisions\/348"}],"wp:attachment":[{"href":"https:\/\/fltr.hu\/index.php?rest_route=%2Fwp%2Fv2%2Fmedia&parent=347"}],"wp:term":[{"taxonomy":"category","embeddable":true,"href":"https:\/\/fltr.hu\/index.php?rest_route=%2Fwp%2Fv2%2Fcategories&post=347"},{"taxonomy":"post_tag","embeddable":true,"href":"https:\/\/fltr.hu\/index.php?rest_route=%2Fwp%2Fv2%2Ftags&post=347"}],"curies":[{"name":"wp","href":"https:\/\/api.w.org\/{rel}","templated":true}]}}