{"id":351,"date":"2025-12-08T01:58:41","date_gmt":"2025-12-08T00:58:41","guid":{"rendered":"https:\/\/fltr.hu\/?p=351"},"modified":"2026-04-16T02:05:26","modified_gmt":"2026-04-16T00:05:26","slug":"tanccal-tiltakoznak-a-klubbezarasok-ellen","status":"publish","type":"post","link":"https:\/\/fltr.hu\/?p=351","title":{"rendered":"T\u00e1nccal tiltakoznak a klubbez\u00e1r\u00e1sok ellen"},"content":{"rendered":"\n<p>Egyre t\u00f6bb sz\u00f3rakoz\u00f3helyet z\u00e1rnak be a hat\u00f3s\u00e1gok droggyan\u00fa miatt \u2013 ez ellen szerveznek most t\u00fcntet\u00e9st a Parlament el\u00e9. A demonstr\u00e1ci\u00f3 nem hagyom\u00e1nyos lesz: t\u00e1nccal fejezik ki az ellen\u00e1ll\u00e1st.<\/p>\n\n\n\n<p>S\u00e1rosi P\u00e9ter szerint a jelenlegi int\u00e9zked\u00e9sek nem megoldj\u00e1k, hanem ink\u00e1bb s\u00falyosb\u00edtj\u00e1k a probl\u00e9m\u00e1t, mert a partikult\u00far\u00e1t a h\u00e1tt\u00e9rbe szor\u00edtj\u00e1k, \u00edgy n\u0151hetnek a kock\u00e1zatok.<\/p>\n\n\n\n<p>\ud83c\udfa7 A MiniCastben arr\u00f3l is sz\u00f3 van, mi lehetne val\u00f3di megold\u00e1s \u2013 hallgassatok bele!<\/p>\n\n\n\n<iframe scrolling=\"no\" style=\"border-radius: 10px;\" id=\"hearthis_at_track_14113579\" width=\"100%\" height=\"150\" src=\"https:\/\/app.hearthis.at\/embed\/14113579\/transparent_black\/?hcolor=&#038;color=&#038;style=2&#038;block_size=2&#038;block_space=1&#038;background=1&#038;waveform=0&#038;cover=0&#038;autoplay=0&#038;css=\" frameborder=\"0\" allowtransparency allow=\"autoplay\"><p>Listen to <a href=\"https:\/\/hearthis.at\/radiox\/fltr-minicast-18\/\" target=\"_blank\" rel=\"noopener\">FLTR &#8211; MiniCast &#8211; #18<\/a> <span>by<\/span><a href=\"https:\/\/hearthis.at\/radiox\/\" target=\"_blank\" rel=\"noopener\">R\u00e1di\u00f3 X | X Arch\u00edvum | radiox.hu<\/a> <span>on<\/span> <a href=\"https:\/\/hearthis.at\/\" target=\"_blank\" rel=\"noopener\">hearthis.at<\/a><\/p><\/iframe>\n\n\n\n<p><\/p>\n","protected":false},"excerpt":{"rendered":"<p>Egyre t\u00f6bb sz\u00f3rakoz\u00f3helyet z\u00e1rnak be a hat\u00f3s\u00e1gok droggyan\u00fa miatt \u2013 ez ellen szerveznek most t\u00fcntet\u00e9st a Parlament el\u00e9. A demonstr\u00e1ci\u00f3 nem hagyom\u00e1nyos lesz: t\u00e1nccal fejezik ki az ellen\u00e1ll\u00e1st. S\u00e1rosi P\u00e9ter szerint a jelenlegi int\u00e9zked\u00e9sek nem megoldj\u00e1k, hanem ink\u00e1bb s\u00falyosb\u00edtj\u00e1k a probl\u00e9m\u00e1t, mert a partikult\u00far\u00e1t a h\u00e1tt\u00e9rbe szor\u00edtj\u00e1k, \u00edgy n\u0151hetnek a kock\u00e1zatok. \ud83c\udfa7 A MiniCastben arr\u00f3l [&hellip;]<\/p>\n","protected":false},"author":2,"featured_media":353,"comment_status":"open","ping_status":"open","sticky":false,"template":"","format":"standard","meta":{"_monsterinsights_skip_tracking":false,"_monsterinsights_sitenote_active":false,"_monsterinsights_sitenote_note":"","_monsterinsights_sitenote_category":0,"tdm_status":"","tdm_grid_status":"","footnotes":""},"categories":[1],"tags":[],"class_list":{"0":"post-351","1":"post","2":"type-post","3":"status-publish","4":"format-standard","5":"has-post-thumbnail","7":"category-egyeb"},"_links":{"self":[{"href":"https:\/\/fltr.hu\/index.php?rest_route=\/wp\/v2\/posts\/351"}],"collection":[{"href":"https:\/\/fltr.hu\/index.php?rest_route=\/wp\/v2\/posts"}],"about":[{"href":"https:\/\/fltr.hu\/index.php?rest_route=\/wp\/v2\/types\/post"}],"author":[{"embeddable":true,"href":"https:\/\/fltr.hu\/index.php?rest_route=\/wp\/v2\/users\/2"}],"replies":[{"embeddable":true,"href":"https:\/\/fltr.hu\/index.php?rest_route=%2Fwp%2Fv2%2Fcomments&post=351"}],"version-history":[{"count":1,"href":"https:\/\/fltr.hu\/index.php?rest_route=\/wp\/v2\/posts\/351\/revisions"}],"predecessor-version":[{"id":352,"href":"https:\/\/fltr.hu\/index.php?rest_route=\/wp\/v2\/posts\/351\/revisions\/352"}],"wp:featuredmedia":[{"embeddable":true,"href":"https:\/\/fltr.hu\/index.php?rest_route=\/wp\/v2\/media\/353"}],"wp:attachment":[{"href":"https:\/\/fltr.hu\/index.php?rest_route=%2Fwp%2Fv2%2Fmedia&parent=351"}],"wp:term":[{"taxonomy":"category","embeddable":true,"href":"https:\/\/fltr.hu\/index.php?rest_route=%2Fwp%2Fv2%2Fcategories&post=351"},{"taxonomy":"post_tag","embeddable":true,"href":"https:\/\/fltr.hu\/index.php?rest_route=%2Fwp%2Fv2%2Ftags&post=351"}],"curies":[{"name":"wp","href":"https:\/\/api.w.org\/{rel}","templated":true}]}}